{"id":99794,"date":"2026-05-01T12:05:41","date_gmt":"2026-05-01T09:05:41","guid":{"rendered":"https:\/\/www.egemtv.com\/?p=99794"},"modified":"2026-05-01T12:05:42","modified_gmt":"2026-05-01T09:05:42","slug":"muglada-egitimde-yapay-zeka-konferansi","status":"publish","type":"post","link":"https:\/\/www.egemtv.com\/?p=99794","title":{"rendered":"Mu\u011fla\u2019da &#8220;E\u011fitimde Yapay Zeka&#8221; konferans\u0131"},"content":{"rendered":"<p>Dijital d\u00f6n\u00fc\u015f\u00fcm\u00fcn e\u011fitim d\u00fcnyas\u0131ndaki etkilerini incelemek ve yenilik\u00e7i yakla\u015f\u0131mlar\u0131 \u00f6\u011fretmenlerle bulu\u015fturmak amac\u0131yla d\u00fczenlenen &#8220;E\u011fitimde Yapay Zeka Konferans\u0131&#8221;, Mu\u011fla S\u0131tk\u0131 Ko\u00e7man \u00dcniversitesi (MSK\u00dc) Atat\u00fcrk K\u00fclt\u00fcr Merkezi\u2019nde yo\u011fun bir kat\u0131l\u0131mla ger\u00e7ekle\u015ftirildi.<\/p>\n<p>Mu\u011fla \u0130l Milli E\u011fitim M\u00fcd\u00fcrl\u00fc\u011f\u00fc taraf\u0131ndan organize edilen konferansta, yapay zekan\u0131n e\u011fitim s\u00fcre\u00e7lerine entegrasyonu ve sundu\u011fu dijital imkanlar detayl\u0131 bir \u015fekilde ele al\u0131nd\u0131. E\u011fitimde yenilik\u00e7i yakla\u015f\u0131mlar\u0131n \u00f6neminin vurguland\u0131\u011f\u0131 etkinlikte, teknolojinin \u00f6\u011frenme ortamlar\u0131n\u0131 nas\u0131l d\u00f6n\u00fc\u015ft\u00fcrd\u00fc\u011f\u00fc g\u00f6zler \u00f6n\u00fcne serildi.<\/p>\n<p>Konferansa konu\u015fmac\u0131 olarak kat\u0131lan ve alan\u0131nda yapt\u0131\u011f\u0131 \u00f6nemli \u00e7al\u0131\u015fmalarla tan\u0131nan Prof. Dr. Yavuz Samur, kat\u0131l\u0131mc\u0131lara kapsaml\u0131 bir sunum ger\u00e7ekle\u015ftirdi. Samur, yapay zekan\u0131n; E\u011fitim s\u00fcre\u00e7leri \u00fczerindeki etkisi, \u00d6\u011fretim tasar\u0131m\u0131na sa\u011flad\u0131\u011f\u0131 katk\u0131lar,Gelece\u011fin modern \u00f6\u011frenme ortamlar\u0131 gibi kritik konu ba\u015fl\u0131klar\u0131 \u00fczerine de\u011ferlendirmelerde bulundu. Samur\u2019un interaktif sunumu, e\u011fitimciler taraf\u0131ndan ilgiyle takip edildi.<br \/>\n<br \/>E\u011fitimin gelece\u011fine \u0131\u015f\u0131k tutan bu de\u011ferli bulu\u015fman\u0131n sonunda, Mu\u011fla \u0130l Milli E\u011fitim M\u00fcd\u00fcrl\u00fc\u011f\u00fc yetkilileri, bilgi ve tecr\u00fcbelerini payla\u015fan Prof. Dr. Yavuz Samur\u2019a katk\u0131lar\u0131ndan dolay\u0131 te\u015fekk\u00fcrlerini iletti.<br \/><\/p>\n","protected":false},"excerpt":{"rendered":"<p>Dijital d\u00f6n\u00fc\u015f\u00fcm\u00fcn e\u011fitim d\u00fcnyas\u0131ndaki etkilerini incelemek ve yenilik\u00e7i yakla\u015f\u0131mlar\u0131 \u00f6\u011fretmenlerle bulu\u015fturmak amac\u0131yla d\u00fczenlenen &#8220;E\u011fitimde Yapay Zeka Konferans\u0131&#8221;, Mu\u011fla S\u0131tk\u0131 Ko\u00e7man \u00dcniversitesi (MSK\u00dc) Atat\u00fcrk K\u00fclt\u00fcr Merkezi\u2019nde yo\u011fun bir kat\u0131l\u0131mla ger\u00e7ekle\u015ftirildi. Mu\u011fla \u0130l Milli E\u011fitim M\u00fcd\u00fcrl\u00fc\u011f\u00fc taraf\u0131ndan organize edilen konferansta, yapay zekan\u0131n e\u011fitim s\u00fcre\u00e7lerine entegrasyonu ve sundu\u011fu dijital imkanlar detayl\u0131 bir \u015fekilde ele al\u0131nd\u0131. E\u011fitimde yenilik\u00e7i yakla\u015f\u0131mlar\u0131n&#8230;<\/p>\n","protected":false},"author":1,"featured_media":99795,"comment_status":"open","ping_status":"open","sticky":false,"template":"","format":"standard","meta":{"_crdt_document":"","footnotes":""},"categories":[1],"tags":[],"class_list":["post-99794","post","type-post","status-publish","format-standard","has-post-thumbnail","hentry","category-guncel"],"_links":{"self":[{"href":"https:\/\/www.egemtv.com\/index.php?rest_route=\/wp\/v2\/posts\/99794","targetHints":{"allow":["GET"]}}],"collection":[{"href":"https:\/\/www.egemtv.com\/index.php?rest_route=\/wp\/v2\/posts"}],"about":[{"href":"https:\/\/www.egemtv.com\/index.php?rest_route=\/wp\/v2\/types\/post"}],"author":[{"embeddable":true,"href":"https:\/\/www.egemtv.com\/index.php?rest_route=\/wp\/v2\/users\/1"}],"replies":[{"embeddable":true,"href":"https:\/\/www.egemtv.com\/index.php?rest_route=%2Fwp%2Fv2%2Fcomments&post=99794"}],"version-history":[{"count":1,"href":"https:\/\/www.egemtv.com\/index.php?rest_route=\/wp\/v2\/posts\/99794\/revisions"}],"predecessor-version":[{"id":99796,"href":"https:\/\/www.egemtv.com\/index.php?rest_route=\/wp\/v2\/posts\/99794\/revisions\/99796"}],"wp:featuredmedia":[{"embeddable":true,"href":"https:\/\/www.egemtv.com\/index.php?rest_route=\/wp\/v2\/media\/99795"}],"wp:attachment":[{"href":"https:\/\/www.egemtv.com\/index.php?rest_route=%2Fwp%2Fv2%2Fmedia&parent=99794"}],"wp:term":[{"taxonomy":"category","embeddable":true,"href":"https:\/\/www.egemtv.com\/index.php?rest_route=%2Fwp%2Fv2%2Fcategories&post=99794"},{"taxonomy":"post_tag","embeddable":true,"href":"https:\/\/www.egemtv.com\/index.php?rest_route=%2Fwp%2Fv2%2Ftags&post=99794"}],"curies":[{"name":"wp","href":"https:\/\/api.w.org\/{rel}","templated":true}]}}