{"id":99791,"date":"2026-05-01T12:05:40","date_gmt":"2026-05-01T09:05:40","guid":{"rendered":"https:\/\/www.egemtv.com\/?p=99791"},"modified":"2026-05-01T12:05:41","modified_gmt":"2026-05-01T09:05:41","slug":"didim-belediyesi-ev-sahipliginde-yelken-heyecani-basladi","status":"publish","type":"post","link":"https:\/\/www.egemtv.com\/?p=99791","title":{"rendered":"Didim Belediyesi ev sahipli\u011finde yelken heyecan\u0131 ba\u015flad\u0131"},"content":{"rendered":"<p>T\u00fcrkiye Yelken Federasyonu (TYF) taraf\u0131ndan d\u00fczenlenen TYF Yelken Ligi IQ Foil 3. Ayak Y\u0131ld\u0131zlar Kupas\u0131, 29 Nisan-3 May\u0131s tarihleri aras\u0131nda Didim\u2019de ba\u015flad\u0131. Didim Belediyesi\u2019nin ev sahipli\u011finde ger\u00e7ekle\u015ftirilen organizasyon, T\u00fcrkiye\u2019nin farkl\u0131 illerinden gelen gen\u00e7 sporcular\u0131 bir araya getirdi.<\/p>\n<p>IQ Foil s\u0131n\u0131f\u0131nda ger\u00e7ekle\u015ftirilen yar\u0131\u015flar, y\u0131ld\u0131zlar kategorisindeki sporcular a\u00e7\u0131s\u0131ndan b\u00fcy\u00fck \u00f6nem ta\u015f\u0131d\u0131\u011f\u0131 belirtildi.  Didim\u2019in uygun r\u00fczgar \u015fartlar\u0131yla dikkat \u00e7ekti\u011fi organizasyonda sporcular, milli tak\u0131m hedefi i\u00e7in k\u0131yas\u0131ya m\u00fccadele ediyor. Yar\u0131\u015flar\u0131n bu y\u0131l Didim\u2019de d\u00f6rd\u00fcnc\u00fc kez d\u00fczenlendi\u011fi belirtildi. Yar\u0131\u015flar\u0131n ilk g\u00fcn\u00fcnde Didim Belediye Ba\u015fkan\u0131 Hatice Gen\u00e7ay, hakem heyeti ve sporcular\u0131 ziyaret etti. Sporculara ba\u015far\u0131lar dileyen Gen\u00e7ay, Didim Belediyesi olarak sporun ve sporcunun yan\u0131nda olmaya devam ettiklerini ifade etti.<\/p>\n<p>Yar\u0131\u015flara ili\u015fkin de\u011ferlendirmede bulunan Didim Belediye Ba\u015fkan\u0131 Hatice Gen\u00e7ay, Didim\u2019in \u00f6nemli bir spor organizasyonuna ev sahipli\u011fi yapmas\u0131ndan duydu\u011fu memnuniyeti dile getirdi. Ba\u015fkan, &#8220;Gen\u00e7 sporcular\u0131m\u0131z\u0131n azmi ve m\u00fccadelesi bizlere umut veriyor. Spor turizmini desteklemeye ve yelken sporunun geli\u015fimine katk\u0131 sunmaya devam edece\u011fiz&#8221; ifadelerini kulland\u0131.<\/p>\n<p>3 May\u0131s\u2019ta sona erecek organizasyon sonunda dereceye giren sporcular i\u00e7in \u00f6d\u00fcl t\u00f6reni d\u00fczenlenecek.<br \/><\/p>\n","protected":false},"excerpt":{"rendered":"<p>T\u00fcrkiye Yelken Federasyonu (TYF) taraf\u0131ndan d\u00fczenlenen TYF Yelken Ligi IQ Foil 3. Ayak Y\u0131ld\u0131zlar Kupas\u0131, 29 Nisan-3 May\u0131s tarihleri aras\u0131nda Didim\u2019de ba\u015flad\u0131. Didim Belediyesi\u2019nin ev sahipli\u011finde ger\u00e7ekle\u015ftirilen organizasyon, T\u00fcrkiye\u2019nin farkl\u0131 illerinden gelen gen\u00e7 sporcular\u0131 bir araya getirdi. IQ Foil s\u0131n\u0131f\u0131nda ger\u00e7ekle\u015ftirilen yar\u0131\u015flar, y\u0131ld\u0131zlar kategorisindeki sporcular a\u00e7\u0131s\u0131ndan b\u00fcy\u00fck \u00f6nem ta\u015f\u0131d\u0131\u011f\u0131 belirtildi. Didim\u2019in uygun r\u00fczgar \u015fartlar\u0131yla dikkat&#8230;<\/p>\n","protected":false},"author":1,"featured_media":99792,"comment_status":"open","ping_status":"open","sticky":false,"template":"","format":"standard","meta":{"_crdt_document":"","footnotes":""},"categories":[4],"tags":[],"class_list":["post-99791","post","type-post","status-publish","format-standard","has-post-thumbnail","hentry","category-spor"],"_links":{"self":[{"href":"https:\/\/www.egemtv.com\/index.php?rest_route=\/wp\/v2\/posts\/99791","targetHints":{"allow":["GET"]}}],"collection":[{"href":"https:\/\/www.egemtv.com\/index.php?rest_route=\/wp\/v2\/posts"}],"about":[{"href":"https:\/\/www.egemtv.com\/index.php?rest_route=\/wp\/v2\/types\/post"}],"author":[{"embeddable":true,"href":"https:\/\/www.egemtv.com\/index.php?rest_route=\/wp\/v2\/users\/1"}],"replies":[{"embeddable":true,"href":"https:\/\/www.egemtv.com\/index.php?rest_route=%2Fwp%2Fv2%2Fcomments&post=99791"}],"version-history":[{"count":1,"href":"https:\/\/www.egemtv.com\/index.php?rest_route=\/wp\/v2\/posts\/99791\/revisions"}],"predecessor-version":[{"id":99793,"href":"https:\/\/www.egemtv.com\/index.php?rest_route=\/wp\/v2\/posts\/99791\/revisions\/99793"}],"wp:featuredmedia":[{"embeddable":true,"href":"https:\/\/www.egemtv.com\/index.php?rest_route=\/wp\/v2\/media\/99792"}],"wp:attachment":[{"href":"https:\/\/www.egemtv.com\/index.php?rest_route=%2Fwp%2Fv2%2Fmedia&parent=99791"}],"wp:term":[{"taxonomy":"category","embeddable":true,"href":"https:\/\/www.egemtv.com\/index.php?rest_route=%2Fwp%2Fv2%2Fcategories&post=99791"},{"taxonomy":"post_tag","embeddable":true,"href":"https:\/\/www.egemtv.com\/index.php?rest_route=%2Fwp%2Fv2%2Ftags&post=99791"}],"curies":[{"name":"wp","href":"https:\/\/api.w.org\/{rel}","templated":true}]}}