{"id":99785,"date":"2026-05-01T11:30:44","date_gmt":"2026-05-01T08:30:44","guid":{"rendered":"https:\/\/www.egemtv.com\/?p=99785"},"modified":"2026-05-01T11:30:46","modified_gmt":"2026-05-01T08:30:46","slug":"uzumden-once-yapragi-kazandiriyor","status":"publish","type":"post","link":"https:\/\/www.egemtv.com\/?p=99785","title":{"rendered":"\u00dcz\u00fcmden \u00f6nce yapra\u011f\u0131 kazand\u0131r\u0131yor"},"content":{"rendered":"<p>Ala\u015fehir\u2019de \u00fcz\u00fcm hasad\u0131 \u00f6ncesi toplanan asma yapraklar\u0131, \u00fcreticinin y\u00fcz\u00fcn\u00fc g\u00fcld\u00fcrd\u00fc. Fiyat\u0131, \u00fcz\u00fcm\u00fc ge\u00e7en yaprak, \u00e7ift\u00e7iye pe\u015fin gelir sa\u011fl\u0131yor.<br \/>\n<br \/>Manisa\u2019n\u0131n d\u00fcnyaca \u00fcnl\u00fc Sultaniye \u00fcz\u00fcm\u00fcn\u00fcn yeti\u015ftirildi\u011fi Ala\u015fehir il\u00e7esinde, \u00fcz\u00fcm hasad\u0131 \u00f6ncesi toplanan asma yapraklar\u0131 \u00fcreticiler i\u00e7in \u00f6nemli bir gelir kayna\u011f\u0131 haline geldi. Sabah\u0131n erken saatlerinde ba\u011flara giren \u00fcreticiler, toplad\u0131klar\u0131 yapraklar\u0131 al\u0131m merkezlerine getirerek g\u00fcnl\u00fck ihtiya\u00e7lar\u0131n\u0131 kar\u015f\u0131l\u0131yor. Sultaniye \u00fcz\u00fcm\u00fcnde hasat d\u00f6nemi yakla\u015f\u0131rken \u00fcreticiler, ba\u011flardan toplad\u0131klar\u0131 asma yapraklar\u0131n\u0131 kelter ve bez \u00e7uvallara doldurarak al\u0131m merkezlerine ula\u015ft\u0131r\u0131yor. Burada yapraklar\u0131 kasalara yerle\u015ftirerek teslim eden \u00fcreticiler, kendi aralar\u0131nda &#8220;Yaprakbank&#8221; olarak adland\u0131rd\u0131klar\u0131 al\u0131c\u0131lardan paralar\u0131n\u0131 pe\u015fin alarak evlerine d\u00f6n\u00fcyor. Ala\u015fehir\u2019in co\u011frafi i\u015faretli asma yapra\u011f\u0131; ipeksi dokusu, ince yap\u0131s\u0131, damars\u0131zl\u0131\u011f\u0131 ve lezzetiyle hem T\u00fcrkiye\u2019de hem de d\u00fcnyada bilinirken, uzun y\u0131llard\u0131r s\u00fcrd\u00fcr\u00fclen yaprak \u00fcretimi \u00e7ift\u00e7iler i\u00e7in hasat \u00f6ncesi \u00f6nemli bir ekonomik destek sa\u011fl\u0131yor. \u00dcreticiler, \u00fcz\u00fcm hasad\u0131 ba\u015flamadan \u00f6nce g\u00fcnl\u00fck ihtiya\u00e7lar\u0131n\u0131 asma yapra\u011f\u0131ndan elde ettikleri gelirle kar\u015f\u0131layabildiklerini ifade ediyor.<\/p>\n<p>&#8220;Yaprak fiyat\u0131 \u00fcz\u00fcm\u00fc ge\u00e7ti&#8221;<br \/>\n<br \/>Narl\u0131dere Mahallesi mevkiinde asma yapra\u011f\u0131 al\u0131m\u0131 yapan Ayd\u0131n \u00c7ak\u0131r, sezonu a\u00e7t\u0131klar\u0131n\u0131 belirterek fiyatlar\u0131n \u00fcreticiyi memnun etti\u011fini s\u00f6yledi. \u00c7ak\u0131r, &#8220;S\u00fcperior \u00fcz\u00fcm yapra\u011f\u0131n\u0131 80 TL\u2019den, Sultaniye asma yapra\u011f\u0131n\u0131 ise 120 TL\u2019den al\u0131yoruz. \u015eu anda yaprak fiyat\u0131 \u00fcz\u00fcmden daha iyi. Sultaniye kuru \u00fcz\u00fcm piyasada ortalama 90 TL civar\u0131nda sat\u0131l\u0131rken, yaprak 120 TL\u2019ye al\u0131c\u0131 buluyor&#8221; dedi.<br \/>\n<br \/>Asma yapra\u011f\u0131n\u0131n \u00fcreticilere pe\u015fin gelir sa\u011flad\u0131\u011f\u0131n\u0131 vurgulayan \u00c7ak\u0131r, &#8220;\u00c7ift\u00e7ilerimiz hem ba\u011flar\u0131n\u0131n bak\u0131m\u0131n\u0131 yap\u0131yor hem de g\u00fcnl\u00fck ihtiya\u00e7lar\u0131n\u0131 kar\u015f\u0131lamak i\u00e7in yaprak topluyor. Ancak yaprak toplarken \u00fcz\u00fcmlere zarar verilmemesine dikkat edilmeli&#8221; diye konu\u015ftu.<br \/>\n<br \/>\u0130\u00e7 piyasada taze ve salamura olarak t\u00fcketilen asma yapra\u011f\u0131, yurt d\u0131\u015f\u0131na ise a\u011f\u0131rl\u0131kl\u0131 olarak salamura \u015feklinde ihra\u00e7 edilerek ekonomiye katk\u0131 sa\u011fl\u0131yor.<br \/><\/p>\n","protected":false},"excerpt":{"rendered":"<p>Ala\u015fehir\u2019de \u00fcz\u00fcm hasad\u0131 \u00f6ncesi toplanan asma yapraklar\u0131, \u00fcreticinin y\u00fcz\u00fcn\u00fc g\u00fcld\u00fcrd\u00fc. Fiyat\u0131, \u00fcz\u00fcm\u00fc ge\u00e7en yaprak, \u00e7ift\u00e7iye pe\u015fin gelir sa\u011fl\u0131yor. Manisa\u2019n\u0131n d\u00fcnyaca \u00fcnl\u00fc Sultaniye \u00fcz\u00fcm\u00fcn\u00fcn yeti\u015ftirildi\u011fi Ala\u015fehir il\u00e7esinde, \u00fcz\u00fcm hasad\u0131 \u00f6ncesi toplanan asma yapraklar\u0131 \u00fcreticiler i\u00e7in \u00f6nemli bir gelir kayna\u011f\u0131 haline geldi. Sabah\u0131n erken saatlerinde ba\u011flara giren \u00fcreticiler, toplad\u0131klar\u0131 yapraklar\u0131 al\u0131m merkezlerine getirerek g\u00fcnl\u00fck ihtiya\u00e7lar\u0131n\u0131 kar\u015f\u0131l\u0131yor. Sultaniye&#8230;<\/p>\n","protected":false},"author":1,"featured_media":99786,"comment_status":"open","ping_status":"open","sticky":false,"template":"","format":"standard","meta":{"_crdt_document":"","footnotes":""},"categories":[125],"tags":[],"class_list":["post-99785","post","type-post","status-publish","format-standard","has-post-thumbnail","hentry","category-ekonomi"],"_links":{"self":[{"href":"https:\/\/www.egemtv.com\/index.php?rest_route=\/wp\/v2\/posts\/99785","targetHints":{"allow":["GET"]}}],"collection":[{"href":"https:\/\/www.egemtv.com\/index.php?rest_route=\/wp\/v2\/posts"}],"about":[{"href":"https:\/\/www.egemtv.com\/index.php?rest_route=\/wp\/v2\/types\/post"}],"author":[{"embeddable":true,"href":"https:\/\/www.egemtv.com\/index.php?rest_route=\/wp\/v2\/users\/1"}],"replies":[{"embeddable":true,"href":"https:\/\/www.egemtv.com\/index.php?rest_route=%2Fwp%2Fv2%2Fcomments&post=99785"}],"version-history":[{"count":1,"href":"https:\/\/www.egemtv.com\/index.php?rest_route=\/wp\/v2\/posts\/99785\/revisions"}],"predecessor-version":[{"id":99787,"href":"https:\/\/www.egemtv.com\/index.php?rest_route=\/wp\/v2\/posts\/99785\/revisions\/99787"}],"wp:featuredmedia":[{"embeddable":true,"href":"https:\/\/www.egemtv.com\/index.php?rest_route=\/wp\/v2\/media\/99786"}],"wp:attachment":[{"href":"https:\/\/www.egemtv.com\/index.php?rest_route=%2Fwp%2Fv2%2Fmedia&parent=99785"}],"wp:term":[{"taxonomy":"category","embeddable":true,"href":"https:\/\/www.egemtv.com\/index.php?rest_route=%2Fwp%2Fv2%2Fcategories&post=99785"},{"taxonomy":"post_tag","embeddable":true,"href":"https:\/\/www.egemtv.com\/index.php?rest_route=%2Fwp%2Fv2%2Ftags&post=99785"}],"curies":[{"name":"wp","href":"https:\/\/api.w.org\/{rel}","templated":true}]}}