{"id":99782,"date":"2026-05-01T11:30:43","date_gmt":"2026-05-01T08:30:43","guid":{"rendered":"https:\/\/www.egemtv.com\/?p=99782"},"modified":"2026-05-01T11:30:44","modified_gmt":"2026-05-01T08:30:44","slug":"kutahya-geneli-kuran-i-kerim-okuma-yarismasi-tamamlandi","status":"publish","type":"post","link":"https:\/\/www.egemtv.com\/?p=99782","title":{"rendered":"K\u00fctahya geneli Kur\u2019an-\u0131 Kerim okuma yar\u0131\u015fmas\u0131 tamamland\u0131"},"content":{"rendered":"<p>K\u00fctahya \u0130l Milli E\u011fitim M\u00fcd\u00fcrl\u00fc\u011f\u00fc koordinesinde, K\u00fctahya Aysel Selahattin Erkasap Sosyal Bilimler Lisesi ve Hayme Ana K\u0131z Mesleki ve Teknik Anadolu Lisesi taraf\u0131ndan d\u00fczenlenen &#8220;K\u00fctahya Geneli Kur\u2019an-\u0131 Kerim Okuma Yar\u0131\u015fmas\u0131&#8221; Beylerbeyi Konferans Salonu\u2019nda ger\u00e7ekle\u015ftirildi.<br \/>\n<br \/>Liseler aras\u0131 k\u0131zlar ve erkekler ile ortaokullar aras\u0131 k\u0131zlar ve erkekler kategorilerinde d\u00fczenlenen yar\u0131\u015fman\u0131n a\u00e7\u0131l\u0131\u015f konu\u015fmas\u0131n\u0131 yapan \u0130l Milli E\u011fitim M\u00fcd\u00fcr\u00fc Mustafa Y\u0131lmaz, Kur\u2019an-\u0131 Kerim\u2019i okuman\u0131n g\u00fczelli\u011fine ve \u00f6\u011frencilerin manevi de\u011ferlerle yeti\u015fmesinin \u00f6nemine vurgu yaparak, as\u0131l \u00f6nemli olan\u0131n onu hayat\u0131m\u0131za rehber edinmek oldu\u011funu ifade etti. Yar\u0131\u015fmaya kat\u0131lan \u00f6\u011frencileri cesaretlerinden dolay\u0131 tebrik etti.<br \/>\n<br \/>\u0130l Milli E\u011fitim M\u00fcd\u00fcrl\u00fc\u011f\u00fc Beylerbeyi Konferans Salonu ve Germiyan Konferans Salonu\u2019nda ger\u00e7ekle\u015ftirilen yar\u0131\u015fmalarda \u00f6\u011frenciler, j\u00fcri \u00fcyeleri kar\u015f\u0131s\u0131nda performanslar\u0131n\u0131 sergiledi. Yap\u0131lan de\u011ferlendirmeler sonucunda dereceye giren \u00f6\u011frenciler belirlendi.<br \/>\n<br \/>Program\u0131n \u00f6d\u00fcl t\u00f6reni Beylerbeyi Konferans Salonu\u2019nda d\u00fczenlenirken, yar\u0131\u015fmaya kat\u0131lan t\u00fcm \u00f6\u011frencilere te\u015fekk\u00fcr edildi. Dereceye giren \u00f6\u011frencilere belge ve hediyeleri, Milli E\u011fitim \u015eube M\u00fcd\u00fcrleri Bilal \u015een ve Ali Sezer, j\u00fcri \u00fcyeleri ve okul m\u00fcd\u00fcrleri taraf\u0131ndan takdim edildi.<br \/><\/p>\n","protected":false},"excerpt":{"rendered":"<p>K\u00fctahya \u0130l Milli E\u011fitim M\u00fcd\u00fcrl\u00fc\u011f\u00fc koordinesinde, K\u00fctahya Aysel Selahattin Erkasap Sosyal Bilimler Lisesi ve Hayme Ana K\u0131z Mesleki ve Teknik Anadolu Lisesi taraf\u0131ndan d\u00fczenlenen &#8220;K\u00fctahya Geneli Kur\u2019an-\u0131 Kerim Okuma Yar\u0131\u015fmas\u0131&#8221; Beylerbeyi Konferans Salonu\u2019nda ger\u00e7ekle\u015ftirildi. Liseler aras\u0131 k\u0131zlar ve erkekler ile ortaokullar aras\u0131 k\u0131zlar ve erkekler kategorilerinde d\u00fczenlenen yar\u0131\u015fman\u0131n a\u00e7\u0131l\u0131\u015f konu\u015fmas\u0131n\u0131 yapan \u0130l Milli E\u011fitim M\u00fcd\u00fcr\u00fc&#8230;<\/p>\n","protected":false},"author":1,"featured_media":99783,"comment_status":"open","ping_status":"open","sticky":false,"template":"","format":"standard","meta":{"_crdt_document":"","footnotes":""},"categories":[1],"tags":[],"class_list":["post-99782","post","type-post","status-publish","format-standard","has-post-thumbnail","hentry","category-guncel"],"_links":{"self":[{"href":"https:\/\/www.egemtv.com\/index.php?rest_route=\/wp\/v2\/posts\/99782","targetHints":{"allow":["GET"]}}],"collection":[{"href":"https:\/\/www.egemtv.com\/index.php?rest_route=\/wp\/v2\/posts"}],"about":[{"href":"https:\/\/www.egemtv.com\/index.php?rest_route=\/wp\/v2\/types\/post"}],"author":[{"embeddable":true,"href":"https:\/\/www.egemtv.com\/index.php?rest_route=\/wp\/v2\/users\/1"}],"replies":[{"embeddable":true,"href":"https:\/\/www.egemtv.com\/index.php?rest_route=%2Fwp%2Fv2%2Fcomments&post=99782"}],"version-history":[{"count":1,"href":"https:\/\/www.egemtv.com\/index.php?rest_route=\/wp\/v2\/posts\/99782\/revisions"}],"predecessor-version":[{"id":99784,"href":"https:\/\/www.egemtv.com\/index.php?rest_route=\/wp\/v2\/posts\/99782\/revisions\/99784"}],"wp:featuredmedia":[{"embeddable":true,"href":"https:\/\/www.egemtv.com\/index.php?rest_route=\/wp\/v2\/media\/99783"}],"wp:attachment":[{"href":"https:\/\/www.egemtv.com\/index.php?rest_route=%2Fwp%2Fv2%2Fmedia&parent=99782"}],"wp:term":[{"taxonomy":"category","embeddable":true,"href":"https:\/\/www.egemtv.com\/index.php?rest_route=%2Fwp%2Fv2%2Fcategories&post=99782"},{"taxonomy":"post_tag","embeddable":true,"href":"https:\/\/www.egemtv.com\/index.php?rest_route=%2Fwp%2Fv2%2Ftags&post=99782"}],"curies":[{"name":"wp","href":"https:\/\/api.w.org\/{rel}","templated":true}]}}