{"id":9978,"date":"2025-01-17T13:40:01","date_gmt":"2025-01-17T10:40:01","guid":{"rendered":"https:\/\/www.egemtv.com\/?p=9978"},"modified":"2025-01-17T13:40:04","modified_gmt":"2025-01-17T10:40:04","slug":"ortaokul-ogrencilerine-kariyer-egitimi","status":"publish","type":"post","link":"https:\/\/www.egemtv.com\/?p=9978","title":{"rendered":"Ortaokul \u00f6\u011frencilerine \u2019kariyer\u2019 e\u011fitimi"},"content":{"rendered":"<p>Ayd\u0131n\u2019\u0131n K\u00f6\u015fk il\u00e7esinde ortaokul \u00f6\u011frencileri, kariyer g\u00fcnleri ve mesleki tan\u0131t\u0131m etkinli\u011finde kaymakaml\u0131k ve belediye ba\u015fkanl\u0131\u011f\u0131 g\u00f6revlerini yak\u0131ndan tan\u0131ma f\u0131rsat\u0131 buldu.<\/p>\n<p>K\u00f6\u015fk Ak\u00e7ak\u00f6y Ortaokulu\u2019nda &#8220;Mesleki tan\u0131t\u0131m ve kariyer g\u00fcnleri&#8221; etkinli\u011fi d\u00fczenlendi. Ak\u00e7ak\u00f6y Ortaokulu konferans salonunda d\u00fczenlenen etkinli\u011fe K\u00f6\u015fk Kaymakam\u0131 Tu\u011fba Polat, K\u00f6\u015fk Belediye Ba\u015fkan\u0131 Nuri G\u00fcler, K\u00f6\u015fk \u0130l\u00e7e Milli E\u011fitim M\u00fcd\u00fcr\u00fc Selim Karata\u015f, \u0130l\u00e7e Emniyet Amiri \u0130sa Y\u0131lmaz ve Ak\u00e7ak\u00f6y Muhtar\u0131 Vedat Kuru\u015f ile birlikte \u00f6\u011frenci ve veliler kat\u0131ld\u0131. Mesleki tan\u0131t\u0131m etkinli\u011finde K\u00f6\u015fk Kaymakam\u0131 Tu\u011fba Polat ve K\u00f6\u015fk Belediye Ba\u015fkan\u0131 Nuri G\u00fcler konu\u015fma yaparak, g\u00f6revlerinden bahsetti. Konu\u015fma sonras\u0131nda K\u00f6\u015fk \u0130l\u00e7e Milli E\u011fitim M\u00fcd\u00fcr\u00fc Selim Karata\u015f kendilerine g\u00fcn\u00fcn an\u0131s\u0131na birer plaket takdim etti. Ba\u015far\u0131l\u0131 \u00f6\u011frencilere Kaymakam Polat ve M\u00fcd\u00fcr Karata\u015f bisiklet ile hediyeler takdim etti. K\u00f6\u015fk Kaymakam\u0131 Tu\u011fba Polat; &#8220;Bu g\u00fczel programda eme\u011fi ge\u00e7en idareci, \u00f6\u011fretmen , \u00f6\u011frenci ve yard\u0131mc\u0131 hizmetler personellerimizin her birine ayr\u0131 ayr\u0131 tebrik ediyorum&#8221; dedi. Etkinlik sonras\u0131 konu\u015fmac\u0131lar, \u00f6\u011frenciler ve \u00f6\u011fretmenler g\u00fcn\u00fcn an\u0131s\u0131na okul bah\u00e7esinde foto\u011fraf \u00e7ektirdi.<br \/><\/p>\n","protected":false},"excerpt":{"rendered":"<p>Ayd\u0131n\u2019\u0131n K\u00f6\u015fk il\u00e7esinde ortaokul \u00f6\u011frencileri, kariyer g\u00fcnleri ve mesleki tan\u0131t\u0131m etkinli\u011finde kaymakaml\u0131k ve belediye ba\u015fkanl\u0131\u011f\u0131 g\u00f6revlerini yak\u0131ndan tan\u0131ma f\u0131rsat\u0131 buldu. K\u00f6\u015fk Ak\u00e7ak\u00f6y Ortaokulu\u2019nda &#8220;Mesleki tan\u0131t\u0131m ve kariyer g\u00fcnleri&#8221; etkinli\u011fi d\u00fczenlendi. Ak\u00e7ak\u00f6y Ortaokulu konferans salonunda d\u00fczenlenen etkinli\u011fe K\u00f6\u015fk Kaymakam\u0131 Tu\u011fba Polat, K\u00f6\u015fk Belediye Ba\u015fkan\u0131 Nuri G\u00fcler, K\u00f6\u015fk \u0130l\u00e7e Milli E\u011fitim M\u00fcd\u00fcr\u00fc Selim Karata\u015f, \u0130l\u00e7e Emniyet Amiri&#8230;<\/p>\n","protected":false},"author":1,"featured_media":9979,"comment_status":"open","ping_status":"open","sticky":false,"template":"","format":"standard","meta":{"_crdt_document":"","footnotes":""},"categories":[1],"tags":[],"class_list":["post-9978","post","type-post","status-publish","format-standard","has-post-thumbnail","hentry","category-guncel"],"_links":{"self":[{"href":"https:\/\/www.egemtv.com\/index.php?rest_route=\/wp\/v2\/posts\/9978","targetHints":{"allow":["GET"]}}],"collection":[{"href":"https:\/\/www.egemtv.com\/index.php?rest_route=\/wp\/v2\/posts"}],"about":[{"href":"https:\/\/www.egemtv.com\/index.php?rest_route=\/wp\/v2\/types\/post"}],"author":[{"embeddable":true,"href":"https:\/\/www.egemtv.com\/index.php?rest_route=\/wp\/v2\/users\/1"}],"replies":[{"embeddable":true,"href":"https:\/\/www.egemtv.com\/index.php?rest_route=%2Fwp%2Fv2%2Fcomments&post=9978"}],"version-history":[{"count":1,"href":"https:\/\/www.egemtv.com\/index.php?rest_route=\/wp\/v2\/posts\/9978\/revisions"}],"predecessor-version":[{"id":9980,"href":"https:\/\/www.egemtv.com\/index.php?rest_route=\/wp\/v2\/posts\/9978\/revisions\/9980"}],"wp:featuredmedia":[{"embeddable":true,"href":"https:\/\/www.egemtv.com\/index.php?rest_route=\/wp\/v2\/media\/9979"}],"wp:attachment":[{"href":"https:\/\/www.egemtv.com\/index.php?rest_route=%2Fwp%2Fv2%2Fmedia&parent=9978"}],"wp:term":[{"taxonomy":"category","embeddable":true,"href":"https:\/\/www.egemtv.com\/index.php?rest_route=%2Fwp%2Fv2%2Fcategories&post=9978"},{"taxonomy":"post_tag","embeddable":true,"href":"https:\/\/www.egemtv.com\/index.php?rest_route=%2Fwp%2Fv2%2Ftags&post=9978"}],"curies":[{"name":"wp","href":"https:\/\/api.w.org\/{rel}","templated":true}]}}