{"id":99779,"date":"2026-05-01T10:55:46","date_gmt":"2026-05-01T07:55:46","guid":{"rendered":"https:\/\/www.egemtv.com\/?p=99779"},"modified":"2026-05-01T10:55:46","modified_gmt":"2026-05-01T07:55:46","slug":"muglada-buzagi-kayiplarini-azaltmaya-yonelik-egitimler-basladi","status":"publish","type":"post","link":"https:\/\/www.egemtv.com\/?p=99779","title":{"rendered":"Mu\u011fla\u2019da buza\u011f\u0131 kay\u0131plar\u0131n\u0131 azaltmaya y\u00f6nelik e\u011fitimler ba\u015flad\u0131"},"content":{"rendered":"<p>Tar\u0131m ve Orman Bakanl\u0131\u011f\u0131n\u0131n talimatlar\u0131 do\u011frultusunda, Hayvanc\u0131l\u0131k Genel M\u00fcd\u00fcrl\u00fc\u011f\u00fc taraf\u0131ndan buza\u011f\u0131 kay\u0131plar\u0131n\u0131n azalt\u0131lmas\u0131 ve \u00fcreme verimlili\u011finin art\u0131r\u0131lmas\u0131 amac\u0131yla \u00fclke genelinde ba\u015flat\u0131lan e\u011fitim ve yay\u0131m \u00e7al\u0131\u015fmalar\u0131 Mu\u011fla\u2019da ba\u015flad\u0131.<br \/>\n<br \/>Mu\u011fla \u0130l Tar\u0131m ve Orman M\u00fcd\u00fcrl\u00fc\u011f\u00fc taraf\u0131ndan d\u00fczenlenen ilk e\u011fitim program\u0131, Mente\u015fe il\u00e7esinde b\u00fcy\u00fckba\u015f hayvan yeti\u015ftiricilerinin kat\u0131l\u0131m\u0131yla ger\u00e7ekle\u015ftirildi. Programa \u0130l M\u00fcd\u00fcr Yard\u0131mc\u0131s\u0131 Dr. Song\u00fcl Topal, Hayvan Sa\u011fl\u0131\u011f\u0131 ve Yeti\u015ftiricili\u011fi \u015eube M\u00fcd\u00fcr\u00fc Mehmet Kuray, Mente\u015fe \u0130l\u00e7e M\u00fcd\u00fcr\u00fc Eren Ka\u00e7maz ve Dam\u0131zl\u0131k S\u0131\u011f\u0131r Yeti\u015ftiricileri Birli\u011fi Ba\u015fkan\u0131 S\u00fcleyman G\u00fcl kat\u0131ld\u0131.<br \/>\n<br \/>E\u011fitimde, buza\u011f\u0131 \u00f6l\u00fcmlerinin \u00f6nlenmesine y\u00f6nelik do\u011fru bak\u0131m ve besleme uygulamalar\u0131 hakk\u0131nda \u00fcreticilere bilgi verildi. Ayr\u0131ca programda yeti\u015ftiricilerin talep ve sorunlar\u0131 da dinlenerek \u00e7\u00f6z\u00fcm \u00f6nerileri ele al\u0131nd\u0131.<br \/>\n<br \/>Program sonunda kat\u0131l\u0131mc\u0131 \u00fcreticilere buza\u011f\u0131 biberonu da\u011f\u0131t\u0131l\u0131rken, yap\u0131lan \u00e7ekili\u015fle 20 \u00fcreticiye suni tohumlama hizmeti hakk\u0131 verildi. Yetkililer, benzer e\u011fitim \u00e7al\u0131\u015fmalar\u0131n\u0131n il genelinde devam edece\u011fini belirtti.<br \/><\/p>\n","protected":false},"excerpt":{"rendered":"<p>Tar\u0131m ve Orman Bakanl\u0131\u011f\u0131n\u0131n talimatlar\u0131 do\u011frultusunda, Hayvanc\u0131l\u0131k Genel M\u00fcd\u00fcrl\u00fc\u011f\u00fc taraf\u0131ndan buza\u011f\u0131 kay\u0131plar\u0131n\u0131n azalt\u0131lmas\u0131 ve \u00fcreme verimlili\u011finin art\u0131r\u0131lmas\u0131 amac\u0131yla \u00fclke genelinde ba\u015flat\u0131lan e\u011fitim ve yay\u0131m \u00e7al\u0131\u015fmalar\u0131 Mu\u011fla\u2019da ba\u015flad\u0131. Mu\u011fla \u0130l Tar\u0131m ve Orman M\u00fcd\u00fcrl\u00fc\u011f\u00fc taraf\u0131ndan d\u00fczenlenen ilk e\u011fitim program\u0131, Mente\u015fe il\u00e7esinde b\u00fcy\u00fckba\u015f hayvan yeti\u015ftiricilerinin kat\u0131l\u0131m\u0131yla ger\u00e7ekle\u015ftirildi. Programa \u0130l M\u00fcd\u00fcr Yard\u0131mc\u0131s\u0131 Dr. Song\u00fcl Topal, Hayvan Sa\u011fl\u0131\u011f\u0131 ve&#8230;<\/p>\n","protected":false},"author":1,"featured_media":99780,"comment_status":"open","ping_status":"open","sticky":false,"template":"","format":"standard","meta":{"_crdt_document":"","footnotes":""},"categories":[2],"tags":[],"class_list":["post-99779","post","type-post","status-publish","format-standard","has-post-thumbnail","hentry","category-saglik"],"_links":{"self":[{"href":"https:\/\/www.egemtv.com\/index.php?rest_route=\/wp\/v2\/posts\/99779","targetHints":{"allow":["GET"]}}],"collection":[{"href":"https:\/\/www.egemtv.com\/index.php?rest_route=\/wp\/v2\/posts"}],"about":[{"href":"https:\/\/www.egemtv.com\/index.php?rest_route=\/wp\/v2\/types\/post"}],"author":[{"embeddable":true,"href":"https:\/\/www.egemtv.com\/index.php?rest_route=\/wp\/v2\/users\/1"}],"replies":[{"embeddable":true,"href":"https:\/\/www.egemtv.com\/index.php?rest_route=%2Fwp%2Fv2%2Fcomments&post=99779"}],"version-history":[{"count":1,"href":"https:\/\/www.egemtv.com\/index.php?rest_route=\/wp\/v2\/posts\/99779\/revisions"}],"predecessor-version":[{"id":99781,"href":"https:\/\/www.egemtv.com\/index.php?rest_route=\/wp\/v2\/posts\/99779\/revisions\/99781"}],"wp:featuredmedia":[{"embeddable":true,"href":"https:\/\/www.egemtv.com\/index.php?rest_route=\/wp\/v2\/media\/99780"}],"wp:attachment":[{"href":"https:\/\/www.egemtv.com\/index.php?rest_route=%2Fwp%2Fv2%2Fmedia&parent=99779"}],"wp:term":[{"taxonomy":"category","embeddable":true,"href":"https:\/\/www.egemtv.com\/index.php?rest_route=%2Fwp%2Fv2%2Fcategories&post=99779"},{"taxonomy":"post_tag","embeddable":true,"href":"https:\/\/www.egemtv.com\/index.php?rest_route=%2Fwp%2Fv2%2Ftags&post=99779"}],"curies":[{"name":"wp","href":"https:\/\/api.w.org\/{rel}","templated":true}]}}