{"id":99776,"date":"2026-05-01T10:20:44","date_gmt":"2026-05-01T07:20:44","guid":{"rendered":"https:\/\/www.egemtv.com\/?p=99776"},"modified":"2026-05-01T10:20:44","modified_gmt":"2026-05-01T07:20:44","slug":"hpv-asisini-erken-yasta-yaptirmak-hastaliklardan-korunma-oranini-yukseltiyor","status":"publish","type":"post","link":"https:\/\/www.egemtv.com\/?p=99776","title":{"rendered":"HPV a\u015f\u0131s\u0131n\u0131 erken ya\u015fta yapt\u0131rmak hastal\u0131klardan korunma oran\u0131n\u0131 y\u00fckseltiyor"},"content":{"rendered":"<p>\u00d6zel Denizli Tekden Hastanesi Kad\u0131n Hastal\u0131klar\u0131 ve Do\u011fum Uzman\u0131 Dr. Derya Ert\u00fcrk, HPV\u2019nin genital si\u011filler ve rahim a\u011fz\u0131 kanserinin en \u00f6nemli nedenlerinden biri oldu\u011funu belirterek, \u00f6zellikle 9\u2019lu HPV a\u015f\u0131s\u0131n\u0131n y\u00fczde 90\u2019a varan koruma sa\u011flad\u0131\u011f\u0131n\u0131 s\u00f6yledi. Dr. Ert\u00fcrk, HPV a\u015f\u0131s\u0131nda erken ya\u015f\u0131n \u00f6nemine de dikkat \u00e7ekti.<\/p>\n<p>\u00d6zel Denizli Tekden Hastanesi Kad\u0131n Hastal\u0131klar\u0131 ve Do\u011fum Uzman\u0131 Dr. Derya Ert\u00fcrk, HPV a\u015f\u0131s\u0131n\u0131n \u00f6nemine dikkat \u00e7ekerek \u00f6nemli a\u00e7\u0131klamalarda bulundu. HPV\u2019nin hem genital si\u011fillerin hem de rahim a\u011fz\u0131 kanserinin en b\u00fcy\u00fck nedenlerinden biri oldu\u011funu ifade eden Kad\u0131n Hastal\u0131klar\u0131 ve Do\u011fum Uzman\u0131 Dr. Derya Ert\u00fcrk, her 10 kad\u0131ndan 8\u2019inin ya\u015fam\u0131 boyunca bu vir\u00fcsle kar\u015f\u0131la\u015ft\u0131\u011f\u0131n\u0131 belirtti. Bu kadar yayg\u0131n g\u00f6r\u00fclen bir enfeksiyondan korunman\u0131n en etkili yollar\u0131ndan birinin HPV a\u015f\u0131s\u0131 oldu\u011funu vurgulad\u0131.<\/p>\n<p>\u00d6zellikle 9\u2019lu HPV a\u015f\u0131s\u0131n\u0131n hem genital si\u011fillere hem de rahim a\u011fz\u0131 kanserine yol a\u00e7abilen HPV tiplerine kar\u015f\u0131 y\u00fczde 90\u2019a kadar koruma sa\u011flad\u0131\u011f\u0131n\u0131 kaydeden Dr. Derya Ert\u00fcrk, a\u015f\u0131n\u0131n koruyuculu\u011funun ya\u015fa g\u00f6re de\u011fi\u015fti\u011fini s\u00f6yledi. A\u015f\u0131n\u0131n 9-14 ya\u015f aras\u0131nda uyguland\u0131\u011f\u0131nda y\u00fczde 90\u2019\u0131n \u00fczerinde koruma sa\u011flad\u0131\u011f\u0131n\u0131 belirten Dr. Ert\u00fcrk, 14-21 ya\u015f aras\u0131nda bu oran\u0131n y\u00fczde 80-90 seviyelerinde oldu\u011funu, ilerleyen ya\u015flarda ise koruyuculu\u011fun giderek azald\u0131\u011f\u0131n\u0131 ifade etti. Ert\u00fcrk, HPV a\u015f\u0131s\u0131n\u0131n 45 ya\u015f\u0131na kadar uygulanabildi\u011fini de s\u00f6zlerine ekledi.<\/p>\n<p>Dr. Ert\u00fcrk, &#8220;Ne kadar erken ya\u015fta yap\u0131l\u0131rsa o kadar g\u00fc\u00e7l\u00fc koruma sa\u011flan\u0131r. HPV a\u015f\u0131s\u0131, gelece\u011finiz ve sa\u011fl\u0131\u011f\u0131n\u0131z i\u00e7in \u00e7ok \u00f6nemli bir yat\u0131r\u0131md\u0131r. Bu nedenle ge\u00e7 kalmadan yapt\u0131r\u0131lmal\u0131d\u0131r&#8221; dedi.<br \/><\/p>\n","protected":false},"excerpt":{"rendered":"<p>\u00d6zel Denizli Tekden Hastanesi Kad\u0131n Hastal\u0131klar\u0131 ve Do\u011fum Uzman\u0131 Dr. Derya Ert\u00fcrk, HPV\u2019nin genital si\u011filler ve rahim a\u011fz\u0131 kanserinin en \u00f6nemli nedenlerinden biri oldu\u011funu belirterek, \u00f6zellikle 9\u2019lu HPV a\u015f\u0131s\u0131n\u0131n y\u00fczde 90\u2019a varan koruma sa\u011flad\u0131\u011f\u0131n\u0131 s\u00f6yledi. Dr. Ert\u00fcrk, HPV a\u015f\u0131s\u0131nda erken ya\u015f\u0131n \u00f6nemine de dikkat \u00e7ekti. \u00d6zel Denizli Tekden Hastanesi Kad\u0131n Hastal\u0131klar\u0131 ve Do\u011fum Uzman\u0131 Dr&#8230;.<\/p>\n","protected":false},"author":1,"featured_media":99777,"comment_status":"open","ping_status":"open","sticky":false,"template":"","format":"standard","meta":{"_crdt_document":"","footnotes":""},"categories":[2],"tags":[],"class_list":["post-99776","post","type-post","status-publish","format-standard","has-post-thumbnail","hentry","category-saglik"],"_links":{"self":[{"href":"https:\/\/www.egemtv.com\/index.php?rest_route=\/wp\/v2\/posts\/99776","targetHints":{"allow":["GET"]}}],"collection":[{"href":"https:\/\/www.egemtv.com\/index.php?rest_route=\/wp\/v2\/posts"}],"about":[{"href":"https:\/\/www.egemtv.com\/index.php?rest_route=\/wp\/v2\/types\/post"}],"author":[{"embeddable":true,"href":"https:\/\/www.egemtv.com\/index.php?rest_route=\/wp\/v2\/users\/1"}],"replies":[{"embeddable":true,"href":"https:\/\/www.egemtv.com\/index.php?rest_route=%2Fwp%2Fv2%2Fcomments&post=99776"}],"version-history":[{"count":1,"href":"https:\/\/www.egemtv.com\/index.php?rest_route=\/wp\/v2\/posts\/99776\/revisions"}],"predecessor-version":[{"id":99778,"href":"https:\/\/www.egemtv.com\/index.php?rest_route=\/wp\/v2\/posts\/99776\/revisions\/99778"}],"wp:featuredmedia":[{"embeddable":true,"href":"https:\/\/www.egemtv.com\/index.php?rest_route=\/wp\/v2\/media\/99777"}],"wp:attachment":[{"href":"https:\/\/www.egemtv.com\/index.php?rest_route=%2Fwp%2Fv2%2Fmedia&parent=99776"}],"wp:term":[{"taxonomy":"category","embeddable":true,"href":"https:\/\/www.egemtv.com\/index.php?rest_route=%2Fwp%2Fv2%2Fcategories&post=99776"},{"taxonomy":"post_tag","embeddable":true,"href":"https:\/\/www.egemtv.com\/index.php?rest_route=%2Fwp%2Fv2%2Ftags&post=99776"}],"curies":[{"name":"wp","href":"https:\/\/api.w.org\/{rel}","templated":true}]}}