{"id":99773,"date":"2026-05-01T10:20:43","date_gmt":"2026-05-01T07:20:43","guid":{"rendered":"https:\/\/www.egemtv.com\/?p=99773"},"modified":"2026-05-01T10:20:43","modified_gmt":"2026-05-01T07:20:43","slug":"incirliovada-calikusu-sahnelendi-sanatseverlerden-yogun-ilgi-gordu","status":"publish","type":"post","link":"https:\/\/www.egemtv.com\/?p=99773","title":{"rendered":"\u0130ncirliova\u2019da \u2019\u00c7al\u0131ku\u015fu\u2019 sahnelendi, sanatseverlerden yo\u011fun ilgi g\u00f6rd\u00fc"},"content":{"rendered":"<p>Ayd\u0131n\u2019\u0131n \u0130ncirliova il\u00e7esindeki K\u00fclt\u00fcr ve Sanat \u015eenli\u011fi kapsam\u0131nda sahnelenen &#8220;\u00c7al\u0131ku\u015fu&#8221; tiyatro oyunu, vatanda\u015flar\u0131n yo\u011fun kat\u0131l\u0131m\u0131yla ger\u00e7ekle\u015ftirildi.<\/p>\n<p>\u0130ncirliova Belediyesi ile Ayd\u0131n B\u00fcy\u00fck\u015fehir Belediyesi i\u015f birli\u011finde d\u00fczenlenen K\u00fclt\u00fcr ve Sanat \u015eenli\u011fi etkinlikleri devam ediyor. \u015eenlik kapsam\u0131nda sahnelenen &#8220;\u00c7al\u0131ku\u015fu&#8221; adl\u0131 tiyatro oyunu, il\u00e7e halk\u0131ndan b\u00fcy\u00fck ilgi g\u00f6rd\u00fc. Vatanda\u015flar\u0131n yo\u011fun kat\u0131l\u0131m sa\u011flad\u0131\u011f\u0131 etkinlikte, sanat\u00e7\u0131 G\u00fcl\u015fah Yavuz sergiledi\u011fi performansla izleyicilerden tam not ald\u0131. Gece boyunca salonu dolduran sanatseverler, tiyatro oyununu ilgiyle takip etti. \u0130ncirliova Belediyesi taraf\u0131ndan yap\u0131lan a\u00e7\u0131klamada, etkinli\u011fe katk\u0131 sunan Ayd\u0131n B\u00fcy\u00fck\u015fehir Belediye Ba\u015fkan\u0131 \u00d6zlem \u00c7er\u00e7io\u011flu\u2019na te\u015fekk\u00fcr edilerek, il\u00e7ede k\u00fclt\u00fcr ve sanat faaliyetlerinin artarak devam edece\u011fi vurguland\u0131. A\u00e7\u0131klamada ayr\u0131ca, &#8220;De\u011ferli sanat\u00e7\u0131m\u0131z G\u00fcl\u015fah Yavuz\u2019u etkileyici performans\u0131 i\u00e7in g\u00f6n\u00fclden tebrik ediyoruz. Bu g\u00fczel ak\u015famda bizlere birlikte olan t\u00fcm vatanda\u015flar\u0131m\u0131za ayr\u0131 ayr\u0131 te\u015fekk\u00fcr ediyoruz. \u0130l\u00e7emizin sosyal hayat\u0131n\u0131 k\u00fclt\u00fcrel ve sanatsal etkinliklerle zenginle\u015ftirmeye, birlik ve beraberli\u011fimizi peki\u015ftirmeye ve her ya\u015ftan hem\u015fehrimizi sanatla bulu\u015fturmaya devam edece\u011fiz&#8221; ifadeleri yer ald\u0131.<br \/><\/p>\n","protected":false},"excerpt":{"rendered":"<p>Ayd\u0131n\u2019\u0131n \u0130ncirliova il\u00e7esindeki K\u00fclt\u00fcr ve Sanat \u015eenli\u011fi kapsam\u0131nda sahnelenen &#8220;\u00c7al\u0131ku\u015fu&#8221; tiyatro oyunu, vatanda\u015flar\u0131n yo\u011fun kat\u0131l\u0131m\u0131yla ger\u00e7ekle\u015ftirildi. \u0130ncirliova Belediyesi ile Ayd\u0131n B\u00fcy\u00fck\u015fehir Belediyesi i\u015f birli\u011finde d\u00fczenlenen K\u00fclt\u00fcr ve Sanat \u015eenli\u011fi etkinlikleri devam ediyor. \u015eenlik kapsam\u0131nda sahnelenen &#8220;\u00c7al\u0131ku\u015fu&#8221; adl\u0131 tiyatro oyunu, il\u00e7e halk\u0131ndan b\u00fcy\u00fck ilgi g\u00f6rd\u00fc. Vatanda\u015flar\u0131n yo\u011fun kat\u0131l\u0131m sa\u011flad\u0131\u011f\u0131 etkinlikte, sanat\u00e7\u0131 G\u00fcl\u015fah Yavuz sergiledi\u011fi performansla izleyicilerden&#8230;<\/p>\n","protected":false},"author":1,"featured_media":99774,"comment_status":"open","ping_status":"open","sticky":false,"template":"","format":"standard","meta":{"_crdt_document":"","footnotes":""},"categories":[1],"tags":[],"class_list":["post-99773","post","type-post","status-publish","format-standard","has-post-thumbnail","hentry","category-guncel"],"_links":{"self":[{"href":"https:\/\/www.egemtv.com\/index.php?rest_route=\/wp\/v2\/posts\/99773","targetHints":{"allow":["GET"]}}],"collection":[{"href":"https:\/\/www.egemtv.com\/index.php?rest_route=\/wp\/v2\/posts"}],"about":[{"href":"https:\/\/www.egemtv.com\/index.php?rest_route=\/wp\/v2\/types\/post"}],"author":[{"embeddable":true,"href":"https:\/\/www.egemtv.com\/index.php?rest_route=\/wp\/v2\/users\/1"}],"replies":[{"embeddable":true,"href":"https:\/\/www.egemtv.com\/index.php?rest_route=%2Fwp%2Fv2%2Fcomments&post=99773"}],"version-history":[{"count":1,"href":"https:\/\/www.egemtv.com\/index.php?rest_route=\/wp\/v2\/posts\/99773\/revisions"}],"predecessor-version":[{"id":99775,"href":"https:\/\/www.egemtv.com\/index.php?rest_route=\/wp\/v2\/posts\/99773\/revisions\/99775"}],"wp:featuredmedia":[{"embeddable":true,"href":"https:\/\/www.egemtv.com\/index.php?rest_route=\/wp\/v2\/media\/99774"}],"wp:attachment":[{"href":"https:\/\/www.egemtv.com\/index.php?rest_route=%2Fwp%2Fv2%2Fmedia&parent=99773"}],"wp:term":[{"taxonomy":"category","embeddable":true,"href":"https:\/\/www.egemtv.com\/index.php?rest_route=%2Fwp%2Fv2%2Fcategories&post=99773"},{"taxonomy":"post_tag","embeddable":true,"href":"https:\/\/www.egemtv.com\/index.php?rest_route=%2Fwp%2Fv2%2Ftags&post=99773"}],"curies":[{"name":"wp","href":"https:\/\/api.w.org\/{rel}","templated":true}]}}