{"id":99770,"date":"2026-05-01T10:20:41","date_gmt":"2026-05-01T07:20:41","guid":{"rendered":"https:\/\/www.egemtv.com\/?p=99770"},"modified":"2026-05-01T10:20:42","modified_gmt":"2026-05-01T07:20:42","slug":"muglada-suyun-gelecegi-masaya-yatirildi","status":"publish","type":"post","link":"https:\/\/www.egemtv.com\/?p=99770","title":{"rendered":"Mu\u011fla\u2019da suyun gelece\u011fi masaya yat\u0131r\u0131ld\u0131"},"content":{"rendered":"<p>Mu\u011fla \u0130l Su Kurulu Toplant\u0131s\u0131, Vali Dr. \u0130dris Akb\u0131y\u0131k ba\u015fkanl\u0131\u011f\u0131nda ger\u00e7ekle\u015ftirildi. Toplant\u0131da, iklim de\u011fi\u015fikli\u011fiyle m\u00fccadele kapsam\u0131nda 2026-2035 y\u0131llar\u0131n\u0131 kapsayan &#8220;Ulusal Su Plan\u0131&#8221; g\u00f6r\u00fc\u015f\u00fcld\u00fc.<\/p>\n<p>Mu\u011fla Valili\u011fi Vali \u00d6zer T\u00fcrk Toplant\u0131 Salonu\u2019nda d\u00fczenlenen toplant\u0131ya; Vali Dr. \u0130dris Akb\u0131y\u0131k, Tar\u0131m ve Orman Bakanl\u0131\u011f\u0131 Su Y\u00f6netimi Genel M\u00fcd\u00fcr\u00fc Afire Sever, kamu kurum temsilcileri ve sivil toplum kurulu\u015flar\u0131n\u0131n yetkilileri kat\u0131ld\u0131.<br \/>\n<br \/>A\u00e7\u0131l\u0131\u015f konu\u015fmas\u0131nda Mu\u011fla\u2019n\u0131n hem tar\u0131m hem de turizm a\u00e7\u0131s\u0131ndan T\u00fcrkiye\u2019nin g\u00f6z bebe\u011fi oldu\u011funu hat\u0131rlatan Vali Dr. \u0130dris Akb\u0131y\u0131k, suyun ekonomik ve ekolojik de\u011ferine vurgu yapt\u0131. Vali Akb\u0131y\u0131k, \u00f6zellikle, turizm tesislerinde su verimlili\u011fi belgelendirme s\u00fcre\u00e7lerinin h\u0131zland\u0131r\u0131lmas\u0131, ta\u015fk\u0131n ve ani ya\u011f\u0131\u015f risklerine kar\u015f\u0131 ilave ek tedbirlerin ivedilikle hayata ge\u00e7irilmesi, su kaynaklar\u0131n\u0131n korunarak gelecek nesillere aktar\u0131lmas\u0131 konular\u0131na de\u011findi.<\/p>\n<p>Tar\u0131m ve Orman Bakanl\u0131\u011f\u0131 Su Y\u00f6netimi Genel M\u00fcd\u00fcr\u00fc Afire Sever ise konu\u015fmas\u0131nda, de\u011fi\u015fen iklim \u015fartlar\u0131na uyum sa\u011flamak amac\u0131yla geli\u015ftirilen yeni y\u00f6netim anlay\u0131\u015f\u0131n\u0131 anlatt\u0131. Sever, &#8220;Su, g\u0131da, enerji ve ekosistem&#8221; ba\u011flant\u0131s\u0131n\u0131n art\u0131k su y\u00f6netiminin temelini olu\u015fturdu\u011funu belirtti.<\/p>\n<p>Toplant\u0131, Mu\u011fla\u2019da s\u00fcrd\u00fcr\u00fclebilir ve entegre su y\u00f6netiminin g\u00fc\u00e7lendirilmesine y\u00f6nelik kurumlar aras\u0131 isti\u015farelerin ard\u0131ndan sona erdi.<br \/><\/p>\n","protected":false},"excerpt":{"rendered":"<p>Mu\u011fla \u0130l Su Kurulu Toplant\u0131s\u0131, Vali Dr. \u0130dris Akb\u0131y\u0131k ba\u015fkanl\u0131\u011f\u0131nda ger\u00e7ekle\u015ftirildi. Toplant\u0131da, iklim de\u011fi\u015fikli\u011fiyle m\u00fccadele kapsam\u0131nda 2026-2035 y\u0131llar\u0131n\u0131 kapsayan &#8220;Ulusal Su Plan\u0131&#8221; g\u00f6r\u00fc\u015f\u00fcld\u00fc. Mu\u011fla Valili\u011fi Vali \u00d6zer T\u00fcrk Toplant\u0131 Salonu\u2019nda d\u00fczenlenen toplant\u0131ya; Vali Dr. \u0130dris Akb\u0131y\u0131k, Tar\u0131m ve Orman Bakanl\u0131\u011f\u0131 Su Y\u00f6netimi Genel M\u00fcd\u00fcr\u00fc Afire Sever, kamu kurum temsilcileri ve sivil toplum kurulu\u015flar\u0131n\u0131n yetkilileri kat\u0131ld\u0131&#8230;.<\/p>\n","protected":false},"author":1,"featured_media":99771,"comment_status":"open","ping_status":"open","sticky":false,"template":"","format":"standard","meta":{"_crdt_document":"","footnotes":""},"categories":[1],"tags":[],"class_list":["post-99770","post","type-post","status-publish","format-standard","has-post-thumbnail","hentry","category-guncel"],"_links":{"self":[{"href":"https:\/\/www.egemtv.com\/index.php?rest_route=\/wp\/v2\/posts\/99770","targetHints":{"allow":["GET"]}}],"collection":[{"href":"https:\/\/www.egemtv.com\/index.php?rest_route=\/wp\/v2\/posts"}],"about":[{"href":"https:\/\/www.egemtv.com\/index.php?rest_route=\/wp\/v2\/types\/post"}],"author":[{"embeddable":true,"href":"https:\/\/www.egemtv.com\/index.php?rest_route=\/wp\/v2\/users\/1"}],"replies":[{"embeddable":true,"href":"https:\/\/www.egemtv.com\/index.php?rest_route=%2Fwp%2Fv2%2Fcomments&post=99770"}],"version-history":[{"count":1,"href":"https:\/\/www.egemtv.com\/index.php?rest_route=\/wp\/v2\/posts\/99770\/revisions"}],"predecessor-version":[{"id":99772,"href":"https:\/\/www.egemtv.com\/index.php?rest_route=\/wp\/v2\/posts\/99770\/revisions\/99772"}],"wp:featuredmedia":[{"embeddable":true,"href":"https:\/\/www.egemtv.com\/index.php?rest_route=\/wp\/v2\/media\/99771"}],"wp:attachment":[{"href":"https:\/\/www.egemtv.com\/index.php?rest_route=%2Fwp%2Fv2%2Fmedia&parent=99770"}],"wp:term":[{"taxonomy":"category","embeddable":true,"href":"https:\/\/www.egemtv.com\/index.php?rest_route=%2Fwp%2Fv2%2Fcategories&post=99770"},{"taxonomy":"post_tag","embeddable":true,"href":"https:\/\/www.egemtv.com\/index.php?rest_route=%2Fwp%2Fv2%2Ftags&post=99770"}],"curies":[{"name":"wp","href":"https:\/\/api.w.org\/{rel}","templated":true}]}}