{"id":99767,"date":"2026-05-01T09:45:44","date_gmt":"2026-05-01T06:45:44","guid":{"rendered":"https:\/\/www.egemtv.com\/?p=99767"},"modified":"2026-05-01T09:45:45","modified_gmt":"2026-05-01T06:45:45","slug":"kosk-adnan-menderes-ilkokulu-geleneksel-yil-sonu-senligi-duzenledi","status":"publish","type":"post","link":"https:\/\/www.egemtv.com\/?p=99767","title":{"rendered":"K\u00f6\u015fk Adnan Menderes \u0130lkokulu Geleneksel Y\u0131l Sonu \u015eenli\u011fi d\u00fczenledi"},"content":{"rendered":"<p>K\u00f6\u015fk Adnan Menderes \u0130lkokulu Geleneksel Y\u0131l Sonu \u015eenli\u011fi renkli g\u00f6r\u00fcnt\u00fclere sahne olurken izleyiciler taraf\u0131nca b\u00fcy\u00fck alk\u0131\u015f toplad\u0131.<\/p>\n<p>1926 y\u0131l\u0131nda e\u011fitim hizmetine ba\u015flayan K\u00f6\u015fk Adnan Menderes \u0130lkokulu bu y\u0131l 100.y\u0131l\u0131n\u0131 kutluyor. 100.y\u0131l sebebiyle b\u00fcy\u00fck \u00f6zveri ve \u00e7al\u0131\u015fmalar sonucu haz\u0131rlanan Geleneksel Y\u0131l Sonu \u015eenli\u011fi etkinli\u011fi izleyicilere adeta g\u00f6rsel bir \u015fov izletti.<br \/>\n<br \/>Adnan Menderes \u0130lkokulu\u2019nun d\u00fczenledi\u011fi Geleneksel Y\u0131l Sonu \u015eenli\u011fi\u2019ne K\u00f6\u015fk Kaymakam\u0131 Hasan Ta\u015f, K\u00f6\u015fk Belediye Ba\u015fkan\u0131 Nuri G\u00fcler, \u0130l\u00e7e Emniyet Amiri \u0130sa Y\u0131lmaz, \u0130l\u00e7e Jandarma Komutan\u0131 J. \u00dcste\u011fmen R\u00fcstem G\u00f6k, \u0130l\u00e7e Milli E\u011fitim M\u00fcd\u00fcr\u00fc Ayd\u0131n Sar\u0131ba\u015f, okul y\u00f6neticileri, \u00f6\u011fretmenler, \u00f6\u011frenciler ve vatanda\u015flar kat\u0131ld\u0131.<br \/>\n<br \/>Birbirinden renkli etkinliklere sahne olan okul bah\u00e7esinde, \u00f6\u011frenciler yetenekleri ve g\u00f6z dolduran g\u00f6sterileriyle b\u00fcy\u00fck be\u011feni toplad\u0131lar. Etkinlik sonras\u0131 \u00e7ekilen hat\u0131ra foto\u011fraf\u0131 ile program sonland\u0131.<br \/><\/p>\n","protected":false},"excerpt":{"rendered":"<p>K\u00f6\u015fk Adnan Menderes \u0130lkokulu Geleneksel Y\u0131l Sonu \u015eenli\u011fi renkli g\u00f6r\u00fcnt\u00fclere sahne olurken izleyiciler taraf\u0131nca b\u00fcy\u00fck alk\u0131\u015f toplad\u0131. 1926 y\u0131l\u0131nda e\u011fitim hizmetine ba\u015flayan K\u00f6\u015fk Adnan Menderes \u0130lkokulu bu y\u0131l 100.y\u0131l\u0131n\u0131 kutluyor. 100.y\u0131l sebebiyle b\u00fcy\u00fck \u00f6zveri ve \u00e7al\u0131\u015fmalar sonucu haz\u0131rlanan Geleneksel Y\u0131l Sonu \u015eenli\u011fi etkinli\u011fi izleyicilere adeta g\u00f6rsel bir \u015fov izletti. Adnan Menderes \u0130lkokulu\u2019nun d\u00fczenledi\u011fi Geleneksel Y\u0131l&#8230;<\/p>\n","protected":false},"author":1,"featured_media":99768,"comment_status":"open","ping_status":"open","sticky":false,"template":"","format":"standard","meta":{"_crdt_document":"","footnotes":""},"categories":[1],"tags":[],"class_list":["post-99767","post","type-post","status-publish","format-standard","has-post-thumbnail","hentry","category-guncel"],"_links":{"self":[{"href":"https:\/\/www.egemtv.com\/index.php?rest_route=\/wp\/v2\/posts\/99767","targetHints":{"allow":["GET"]}}],"collection":[{"href":"https:\/\/www.egemtv.com\/index.php?rest_route=\/wp\/v2\/posts"}],"about":[{"href":"https:\/\/www.egemtv.com\/index.php?rest_route=\/wp\/v2\/types\/post"}],"author":[{"embeddable":true,"href":"https:\/\/www.egemtv.com\/index.php?rest_route=\/wp\/v2\/users\/1"}],"replies":[{"embeddable":true,"href":"https:\/\/www.egemtv.com\/index.php?rest_route=%2Fwp%2Fv2%2Fcomments&post=99767"}],"version-history":[{"count":1,"href":"https:\/\/www.egemtv.com\/index.php?rest_route=\/wp\/v2\/posts\/99767\/revisions"}],"predecessor-version":[{"id":99769,"href":"https:\/\/www.egemtv.com\/index.php?rest_route=\/wp\/v2\/posts\/99767\/revisions\/99769"}],"wp:featuredmedia":[{"embeddable":true,"href":"https:\/\/www.egemtv.com\/index.php?rest_route=\/wp\/v2\/media\/99768"}],"wp:attachment":[{"href":"https:\/\/www.egemtv.com\/index.php?rest_route=%2Fwp%2Fv2%2Fmedia&parent=99767"}],"wp:term":[{"taxonomy":"category","embeddable":true,"href":"https:\/\/www.egemtv.com\/index.php?rest_route=%2Fwp%2Fv2%2Fcategories&post=99767"},{"taxonomy":"post_tag","embeddable":true,"href":"https:\/\/www.egemtv.com\/index.php?rest_route=%2Fwp%2Fv2%2Ftags&post=99767"}],"curies":[{"name":"wp","href":"https:\/\/api.w.org\/{rel}","templated":true}]}}