{"id":99764,"date":"2026-05-01T09:45:43","date_gmt":"2026-05-01T06:45:43","guid":{"rendered":"https:\/\/www.egemtv.com\/?p=99764"},"modified":"2026-05-01T09:45:44","modified_gmt":"2026-05-01T06:45:44","slug":"gelecegin-doga-gonulluleri-ekodosdu-inceledi","status":"publish","type":"post","link":"https:\/\/www.egemtv.com\/?p=99764","title":{"rendered":"Gelece\u011fin do\u011fa g\u00f6n\u00fcll\u00fcleri EKODOSD\u2019u inceledi"},"content":{"rendered":"<p>Ayd\u0131n\u2019\u0131n Ku\u015fadas\u0131 il\u00e7esinde ilkokul \u00f6\u011frencileri, kurduklar\u0131 do\u011fa ara\u015ft\u0131rma grubuyla EKODOSD\u2019u ziyaret ederek nesli tehlike alt\u0131ndaki canl\u0131lar\u0131 ve do\u011fay\u0131 koruma yollar\u0131n\u0131 \u00f6\u011frendi.<\/p>\n<p>Ayd\u0131n\u2019\u0131n Ku\u015fadas\u0131 il\u00e7esinde 4. s\u0131n\u0131f \u00f6\u011frencileri, do\u011faya olan ilgileriyle \u00f6rnek bir \u00e7al\u0131\u015fmaya imza atarak kendi aralar\u0131nda Do\u011fa Unsurlar\u0131n\u0131 Koruyan Patiler (DUK Patiler) ad\u0131n\u0131 verdikleri bir do\u011fa ara\u015ft\u0131rma grubu kurdu. Do\u011fa ve \u00e7evre bilinci kazanmak ad\u0131na etkinlik ger\u00e7ekle\u015ftiren minikler, bu kapsamda Ekosistemi Koruma ve Do\u011fa Sevenler Derne\u011fi\u2019ni (EKODOSD) ziyaret etti. \u00d6\u011fretmenleri e\u015fli\u011finde dernek binas\u0131na gelen minik \u00f6\u011frenciler, b\u00f6lgede nesli tehlike alt\u0131nda bulunan canl\u0131lar ve bu canl\u0131lar\u0131n korunmas\u0131 i\u00e7in yap\u0131labilecek \u00e7al\u0131\u015fmalar hakk\u0131nda bilgi ald\u0131. Ziyaret s\u0131ras\u0131nda \u00f6\u011frenciler, merak ettikleri sorularla dernek yetkililerini adeta soru ya\u011fmuruna tuttu. \u00c7ocuklar\u0131n do\u011faya olan ilgisi, \u00f6\u011frenme iste\u011fi ve heyecan\u0131n\u0131n dikkat \u00e7ekti\u011fini ifade eden EKODOSD Ba\u015fkan\u0131 Bahattin S\u00fcr\u00fcc\u00fc, gen\u00e7 nesil kendilerine umut verdi\u011fini belirterek &#8220;\u0130lkokul 4. s\u0131n\u0131f \u00f6\u011frencileri, \u00f6\u011fretmenleri Esra Mantar ile birlikte derne\u011fimizi ziyaret ettiler. Kendi aralar\u0131nda Duk Patiler ad\u0131n\u0131 verdikleri bir do\u011fa ara\u015ft\u0131rma grubu kurmu\u015flar. G\u00f6zlerindeki merak, do\u011faya olan sevgileri ve i\u00e7ten heyecanlar\u0131 g\u00f6r\u00fclmeye de\u011ferdi. Do\u011fay\u0131 seven, ara\u015ft\u0131ran ve sorgulayan bu g\u00fczel \u00e7ocuklarla, hayallerini ger\u00e7e\u011fe d\u00f6n\u00fc\u015ft\u00fcrebilmeleri i\u00e7in neler yapabileceklerini birlikte konu\u015ftuk. Her birinin i\u00e7inde b\u00fcy\u00fcyen do\u011fa sevgisini g\u00f6rmek, gelece\u011fe dair umutlar\u0131m\u0131z\u0131 g\u00fc\u00e7lendirdi. Dernek binam\u0131z\u0131 gezen \u00f6\u011frencilere EKODOSD\u2019un \u00e7al\u0131\u015fmalar\u0131n\u0131 anlatt\u0131k. \u00c7evre kirlili\u011finin kara ve deniz canl\u0131lar\u0131 \u00fczerindeki etkilerini payla\u015ft\u0131k. \u00d6n\u00fcm\u00fczdeki ay okullar\u0131nda bir araya gelerek bu konular\u0131 daha geni\u015f bir sunumla anlatmak \u00fczere s\u00f6zle\u015ftik. EKODOSD\u2019u ziyaret eden bir di\u011fer okul ise \u0130zmir Kiraz Ortaokulu \u00f6\u011frencileri oldu. Dernek \u00fcyemiz Profesyonel Tur Rehberi Mustafa Akta\u015fo\u011flu ve \u00f6\u011fretmenleri e\u015fli\u011finde derne\u011fimizi ziyaret eden \u00f6\u011frencilere, do\u011fa koruma \u00e7al\u0131\u015fmalar\u0131 panolar \u00fczerinden aktar\u0131ld\u0131. Bu ya\u015f grubundaki \u00e7ocuklar\u0131n do\u011faya olan ilgilerinin, bilgi d\u00fczeylerinin ve \u00f6\u011frenme isteklerinin ne kadar y\u00fcksek oldu\u011funu g\u00f6rmek umut vericiydi. Umar\u0131z bu heyecanlar\u0131 hi\u00e7 s\u00f6nmez ve kendi gelecekleri olan do\u011faya sahip \u00e7\u0131karlar&#8221; dedi.<br \/><\/p>\n","protected":false},"excerpt":{"rendered":"<p>Ayd\u0131n\u2019\u0131n Ku\u015fadas\u0131 il\u00e7esinde ilkokul \u00f6\u011frencileri, kurduklar\u0131 do\u011fa ara\u015ft\u0131rma grubuyla EKODOSD\u2019u ziyaret ederek nesli tehlike alt\u0131ndaki canl\u0131lar\u0131 ve do\u011fay\u0131 koruma yollar\u0131n\u0131 \u00f6\u011frendi. Ayd\u0131n\u2019\u0131n Ku\u015fadas\u0131 il\u00e7esinde 4. s\u0131n\u0131f \u00f6\u011frencileri, do\u011faya olan ilgileriyle \u00f6rnek bir \u00e7al\u0131\u015fmaya imza atarak kendi aralar\u0131nda Do\u011fa Unsurlar\u0131n\u0131 Koruyan Patiler (DUK Patiler) ad\u0131n\u0131 verdikleri bir do\u011fa ara\u015ft\u0131rma grubu kurdu. Do\u011fa ve \u00e7evre bilinci kazanmak&#8230;<\/p>\n","protected":false},"author":1,"featured_media":99765,"comment_status":"open","ping_status":"open","sticky":false,"template":"","format":"standard","meta":{"_crdt_document":"","footnotes":""},"categories":[1],"tags":[],"class_list":["post-99764","post","type-post","status-publish","format-standard","has-post-thumbnail","hentry","category-guncel"],"_links":{"self":[{"href":"https:\/\/www.egemtv.com\/index.php?rest_route=\/wp\/v2\/posts\/99764","targetHints":{"allow":["GET"]}}],"collection":[{"href":"https:\/\/www.egemtv.com\/index.php?rest_route=\/wp\/v2\/posts"}],"about":[{"href":"https:\/\/www.egemtv.com\/index.php?rest_route=\/wp\/v2\/types\/post"}],"author":[{"embeddable":true,"href":"https:\/\/www.egemtv.com\/index.php?rest_route=\/wp\/v2\/users\/1"}],"replies":[{"embeddable":true,"href":"https:\/\/www.egemtv.com\/index.php?rest_route=%2Fwp%2Fv2%2Fcomments&post=99764"}],"version-history":[{"count":1,"href":"https:\/\/www.egemtv.com\/index.php?rest_route=\/wp\/v2\/posts\/99764\/revisions"}],"predecessor-version":[{"id":99766,"href":"https:\/\/www.egemtv.com\/index.php?rest_route=\/wp\/v2\/posts\/99764\/revisions\/99766"}],"wp:featuredmedia":[{"embeddable":true,"href":"https:\/\/www.egemtv.com\/index.php?rest_route=\/wp\/v2\/media\/99765"}],"wp:attachment":[{"href":"https:\/\/www.egemtv.com\/index.php?rest_route=%2Fwp%2Fv2%2Fmedia&parent=99764"}],"wp:term":[{"taxonomy":"category","embeddable":true,"href":"https:\/\/www.egemtv.com\/index.php?rest_route=%2Fwp%2Fv2%2Fcategories&post=99764"},{"taxonomy":"post_tag","embeddable":true,"href":"https:\/\/www.egemtv.com\/index.php?rest_route=%2Fwp%2Fv2%2Ftags&post=99764"}],"curies":[{"name":"wp","href":"https:\/\/api.w.org\/{rel}","templated":true}]}}