{"id":99761,"date":"2026-05-01T09:45:42","date_gmt":"2026-05-01T06:45:42","guid":{"rendered":"https:\/\/www.egemtv.com\/?p=99761"},"modified":"2026-05-01T09:45:43","modified_gmt":"2026-05-01T06:45:43","slug":"germencikte-vatandasa-ozel-beslenme-programi-destegi","status":"publish","type":"post","link":"https:\/\/www.egemtv.com\/?p=99761","title":{"rendered":"Germencik\u2019te vatanda\u015fa \u00f6zel beslenme program\u0131 deste\u011fi"},"content":{"rendered":"<p>Ayd\u0131n\u2019\u0131n Germencik il\u00e7esinde belediye, vatanda\u015flar\u0131n sa\u011fl\u0131kl\u0131 ya\u015fam al\u0131\u015fkanl\u0131klar\u0131n\u0131 g\u00fc\u00e7lendirmek amac\u0131yla \u00f6nemli bir \u00e7al\u0131\u015fmaya imza att\u0131. Germencik Belediye Ba\u015fkan\u0131 Burak Zencirci, belediye b\u00fcnyesinde g\u00f6rev yapan uzman diyetisyenler arac\u0131l\u0131\u011f\u0131yla il\u00e7e halk\u0131na \u00f6zel beslenme programlar\u0131 haz\u0131rland\u0131\u011f\u0131n\u0131 a\u00e7\u0131klad\u0131.<\/p>\n<p>Sa\u011fl\u0131kl\u0131 bir toplumun do\u011fru beslenmeyle m\u00fcmk\u00fcn oldu\u011funa dikkat \u00e7eken Ba\u015fkan Zencirci, y\u00fcr\u00fct\u00fclen \u00e7al\u0131\u015fmalarla vatanda\u015flar\u0131n ya\u015fam kalitesini art\u0131rmay\u0131 hedeflediklerini belirtti. Zencirci, &#8220;Sa\u011fl\u0131kl\u0131 yar\u0131nlar i\u00e7in do\u011fru beslenme b\u00fcy\u00fck \u00f6nem ta\u015f\u0131yor. Belediyemiz b\u00fcnyesinde hizmet veren uzman diyetisyenlerimizle hem\u015fehrilerimize \u00f6zel beslenme programlar\u0131 olu\u015fturuyor, sa\u011fl\u0131kl\u0131 bir gelece\u011fe birlikte ad\u0131m at\u0131yoruz&#8221; dedi.<\/p>\n<p>Belediye olarak halk sa\u011fl\u0131\u011f\u0131n\u0131 \u00f6nceleyen projelere a\u011f\u0131rl\u0131k verdiklerini vurgulayan Zencirci, &#8220;Vatanda\u015flar\u0131m\u0131z\u0131n ya\u015fam kalitesini art\u0131racak \u00e7al\u0131\u015fmalar\u0131m\u0131z\u0131 kararl\u0131l\u0131kla s\u00fcrd\u00fcrecek, yeni projeleri hayata ge\u00e7irmeye devam edece\u011fiz&#8221; ifadelerini kulland\u0131.<br \/><\/p>\n","protected":false},"excerpt":{"rendered":"<p>Ayd\u0131n\u2019\u0131n Germencik il\u00e7esinde belediye, vatanda\u015flar\u0131n sa\u011fl\u0131kl\u0131 ya\u015fam al\u0131\u015fkanl\u0131klar\u0131n\u0131 g\u00fc\u00e7lendirmek amac\u0131yla \u00f6nemli bir \u00e7al\u0131\u015fmaya imza att\u0131. Germencik Belediye Ba\u015fkan\u0131 Burak Zencirci, belediye b\u00fcnyesinde g\u00f6rev yapan uzman diyetisyenler arac\u0131l\u0131\u011f\u0131yla il\u00e7e halk\u0131na \u00f6zel beslenme programlar\u0131 haz\u0131rland\u0131\u011f\u0131n\u0131 a\u00e7\u0131klad\u0131. Sa\u011fl\u0131kl\u0131 bir toplumun do\u011fru beslenmeyle m\u00fcmk\u00fcn oldu\u011funa dikkat \u00e7eken Ba\u015fkan Zencirci, y\u00fcr\u00fct\u00fclen \u00e7al\u0131\u015fmalarla vatanda\u015flar\u0131n ya\u015fam kalitesini art\u0131rmay\u0131 hedeflediklerini belirtti. Zencirci, &#8220;Sa\u011fl\u0131kl\u0131&#8230;<\/p>\n","protected":false},"author":1,"featured_media":99762,"comment_status":"open","ping_status":"open","sticky":false,"template":"","format":"standard","meta":{"_crdt_document":"","footnotes":""},"categories":[1],"tags":[],"class_list":["post-99761","post","type-post","status-publish","format-standard","has-post-thumbnail","hentry","category-guncel"],"_links":{"self":[{"href":"https:\/\/www.egemtv.com\/index.php?rest_route=\/wp\/v2\/posts\/99761","targetHints":{"allow":["GET"]}}],"collection":[{"href":"https:\/\/www.egemtv.com\/index.php?rest_route=\/wp\/v2\/posts"}],"about":[{"href":"https:\/\/www.egemtv.com\/index.php?rest_route=\/wp\/v2\/types\/post"}],"author":[{"embeddable":true,"href":"https:\/\/www.egemtv.com\/index.php?rest_route=\/wp\/v2\/users\/1"}],"replies":[{"embeddable":true,"href":"https:\/\/www.egemtv.com\/index.php?rest_route=%2Fwp%2Fv2%2Fcomments&post=99761"}],"version-history":[{"count":1,"href":"https:\/\/www.egemtv.com\/index.php?rest_route=\/wp\/v2\/posts\/99761\/revisions"}],"predecessor-version":[{"id":99763,"href":"https:\/\/www.egemtv.com\/index.php?rest_route=\/wp\/v2\/posts\/99761\/revisions\/99763"}],"wp:featuredmedia":[{"embeddable":true,"href":"https:\/\/www.egemtv.com\/index.php?rest_route=\/wp\/v2\/media\/99762"}],"wp:attachment":[{"href":"https:\/\/www.egemtv.com\/index.php?rest_route=%2Fwp%2Fv2%2Fmedia&parent=99761"}],"wp:term":[{"taxonomy":"category","embeddable":true,"href":"https:\/\/www.egemtv.com\/index.php?rest_route=%2Fwp%2Fv2%2Fcategories&post=99761"},{"taxonomy":"post_tag","embeddable":true,"href":"https:\/\/www.egemtv.com\/index.php?rest_route=%2Fwp%2Fv2%2Ftags&post=99761"}],"curies":[{"name":"wp","href":"https:\/\/api.w.org\/{rel}","templated":true}]}}