{"id":99758,"date":"2026-05-01T09:10:38","date_gmt":"2026-05-01T06:10:38","guid":{"rendered":"https:\/\/www.egemtv.com\/?p=99758"},"modified":"2026-05-01T09:10:40","modified_gmt":"2026-05-01T06:10:40","slug":"ogrencileri-taciz-eden-bakkal-kamera-kayitlarindan-yakalandi","status":"publish","type":"post","link":"https:\/\/www.egemtv.com\/?p=99758","title":{"rendered":"\u00d6\u011frencileri taciz eden bakkal kamera kay\u0131tlar\u0131ndan yakaland\u0131"},"content":{"rendered":"<p>Denizli\u2019de okul \u00e7\u0131k\u0131\u015f\u0131nda al\u0131\u015fveri\u015fe gelen k\u0131z \u00f6\u011frenciyi cinsel istismarda bulundu\u011fu iddia edilen bakkal i\u015fletmecisi, jandarma taraf\u0131ndan g\u00f6zalt\u0131na al\u0131nd\u0131. Ba\u015fka \u00f6\u011frencilerinde ayn\u0131 istismara maruz kald\u0131\u011f\u0131 ortaya \u00e7\u0131kan olayda, \u00e7\u0131kar\u0131ld\u0131\u011f\u0131 mahkemece ilk etapta serbest b\u0131rak\u0131lan \u015f\u00fcpheli, savc\u0131l\u0131\u011f\u0131n itiraz\u0131 \u00fczerine tutuklanarak cezaevine g\u00f6nderildi.<br \/>\n<br \/>Denizli\u2019nin \u00c7ivril il\u00e7esinde meydana gelen olayda, bir \u00f6\u011frencinin okulundaki rehber \u00f6\u011fretmeni anlat\u0131klar\u0131 mide buland\u0131ran olay\u0131 ortaya \u00e7\u0131kard\u0131. Edinilen bilgiye g\u00f6re, okul \u00e7\u0131k\u0131\u015f saatinde al\u0131\u015fveri\u015f yapmak i\u00e7in bakkala giren bir k\u0131z \u00f6\u011frenci, bakkal i\u015fletmecisi G.T. (57) taraf\u0131ndan deponun bulundu\u011fu k\u0131s\u0131mda s\u0131k\u0131\u015ft\u0131r\u0131larak taciz edildi. \u015e\u00fcphelinin kendisine sar\u0131l\u0131p \u00f6pmesinin ard\u0131ndan bakkaldan ka\u00e7arak uzakla\u015fan ma\u011fdur \u00e7ocuk, ya\u015fad\u0131klar\u0131n\u0131 okulundaki rehber \u00f6\u011fretmenine anlatt\u0131. Olay\u0131n ortaya \u00e7\u0131kmas\u0131n\u0131n ard\u0131ndan ayn\u0131 okulda e\u011fitim g\u00f6ren 14 ya\u015flar\u0131ndaki iki k\u0131z \u00f6\u011frenci daha, G.T.\u2019nin daha \u00f6nce kendilerini belinden tuttu\u011funu ve omzuna kol atmaya \u00e7al\u0131\u015ft\u0131\u011f\u0131n\u0131 s\u00f6yleyerek \u015fikayet\u00e7i oldu.<\/p>\n<p>Kamera kay\u0131tlar\u0131 ger\u00e7e\u011fi ortaya \u00e7\u0131kard\u0131<br \/>\n<br \/>\u00d6\u011frencilerin ve ailelerinin \u015fikayeti \u00fczerine jandarma ekipleri h\u0131zla harekete ge\u00e7ti. Olayla ilgili ba\u015flat\u0131lan soru\u015fturma kapsam\u0131nda jandarma taraf\u0131ndan incelenen g\u00fcvenlik kameras\u0131 kay\u0131tlar\u0131, ma\u011fdur \u00e7ocuklar\u0131n beyanlar\u0131n\u0131 destekledi. G\u00f6r\u00fcnt\u00fclerde, ma\u011fdur k\u0131z \u00e7ocu\u011funun bakkal\u0131n depo k\u0131sm\u0131na girdi\u011fi, bu esnada G.T.\u2019nin de depoda oldu\u011fu, depodan \u00e7\u0131kan \u00e7ocu\u011fun y\u00fcz\u00fcn\u00fc eliyle silerek uzakla\u015fmaya \u00e7al\u0131\u015ft\u0131\u011f\u0131 ve k\u0131sa s\u00fcre sonra bakkaldan ayr\u0131ld\u0131\u011f\u0131 g\u00f6r\u00fcld\u00fc. Hemen ard\u0131ndan ise G.T.\u2019nin depodan \u00e7\u0131kt\u0131\u011f\u0131 anlar kameralara yans\u0131d\u0131. Soru\u015fturma kapsam\u0131nda al\u0131nan tan\u0131k ifadelerinde de \u015f\u00fcphelinin genel olarak k\u0131z \u00e7ocuklar\u0131na kar\u015f\u0131 rahats\u0131z edici bak\u0131\u015flarda bulundu\u011fu, ilgili davrand\u0131\u011f\u0131 ve dokunmaya \u00e7al\u0131\u015ft\u0131\u011f\u0131 y\u00f6n\u00fcnde beyanlar yer ald\u0131.<\/p>\n<p>\u00d6nce serbest b\u0131rak\u0131ld\u0131, savc\u0131l\u0131k itiraz etti, cezaevine g\u00f6nderildi<br \/>\n<br \/>Jandarma ekipleri taraf\u0131ndan g\u00f6zalt\u0131na al\u0131nan \u015f\u00fcpheli G.T., karakoldaki i\u015flemlerinin ard\u0131ndan adliyeye sevk edildi. Hakim kar\u015f\u0131s\u0131na \u00e7\u0131kan \u015f\u00fcpheli, ilk etapta serbest b\u0131rak\u0131ld\u0131. Ancak soru\u015fturmay\u0131 y\u00fcr\u00fcten Cumhuriyet Savc\u0131l\u0131\u011f\u0131, karara h\u0131zla itiraz etti. Savc\u0131l\u0131\u011f\u0131n itiraz\u0131 ve mevcut delil durumu \u00fczerine tekrar g\u00f6zalt\u0131na al\u0131nan G.T., adliye sevki s\u0131ras\u0131nda kendisine bas\u0131n mensuplar\u0131 taraf\u0131ndan y\u00f6netilen sorular\u0131 yan\u0131ts\u0131z b\u0131rak\u0131rken, elleriyle y\u00fcz\u00fcn\u00fc de kapatmas\u0131 dikkatlerden ka\u00e7mad\u0131. G.T., \u00e7\u0131kar\u0131ld\u0131\u011f\u0131 mahkemece &#8220;\u00c7ocu\u011fun Cinsel \u0130stismar\u0131&#8221; su\u00e7undan tutuklanarak cezaevine g\u00f6nderildi.<br \/>\n<br \/>\u00d6te yandan, tutuklanan \u015f\u00fcpheli G.T.\u2019nin ge\u00e7mi\u015f y\u0131llarda tacizden sab\u0131ka kayd\u0131 oldu\u011fu \u00f6\u011frenildi.<br \/><\/p>\n","protected":false},"excerpt":{"rendered":"<p>Denizli\u2019de okul \u00e7\u0131k\u0131\u015f\u0131nda al\u0131\u015fveri\u015fe gelen k\u0131z \u00f6\u011frenciyi cinsel istismarda bulundu\u011fu iddia edilen bakkal i\u015fletmecisi, jandarma taraf\u0131ndan g\u00f6zalt\u0131na al\u0131nd\u0131. Ba\u015fka \u00f6\u011frencilerinde ayn\u0131 istismara maruz kald\u0131\u011f\u0131 ortaya \u00e7\u0131kan olayda, \u00e7\u0131kar\u0131ld\u0131\u011f\u0131 mahkemece ilk etapta serbest b\u0131rak\u0131lan \u015f\u00fcpheli, savc\u0131l\u0131\u011f\u0131n itiraz\u0131 \u00fczerine tutuklanarak cezaevine g\u00f6nderildi. Denizli\u2019nin \u00c7ivril il\u00e7esinde meydana gelen olayda, bir \u00f6\u011frencinin okulundaki rehber \u00f6\u011fretmeni anlat\u0131klar\u0131 mide buland\u0131ran olay\u0131&#8230;<\/p>\n","protected":false},"author":1,"featured_media":99759,"comment_status":"open","ping_status":"open","sticky":false,"template":"","format":"standard","meta":{"_crdt_document":"","footnotes":""},"categories":[5],"tags":[],"class_list":["post-99758","post","type-post","status-publish","format-standard","has-post-thumbnail","hentry","category-asayis"],"_links":{"self":[{"href":"https:\/\/www.egemtv.com\/index.php?rest_route=\/wp\/v2\/posts\/99758","targetHints":{"allow":["GET"]}}],"collection":[{"href":"https:\/\/www.egemtv.com\/index.php?rest_route=\/wp\/v2\/posts"}],"about":[{"href":"https:\/\/www.egemtv.com\/index.php?rest_route=\/wp\/v2\/types\/post"}],"author":[{"embeddable":true,"href":"https:\/\/www.egemtv.com\/index.php?rest_route=\/wp\/v2\/users\/1"}],"replies":[{"embeddable":true,"href":"https:\/\/www.egemtv.com\/index.php?rest_route=%2Fwp%2Fv2%2Fcomments&post=99758"}],"version-history":[{"count":1,"href":"https:\/\/www.egemtv.com\/index.php?rest_route=\/wp\/v2\/posts\/99758\/revisions"}],"predecessor-version":[{"id":99760,"href":"https:\/\/www.egemtv.com\/index.php?rest_route=\/wp\/v2\/posts\/99758\/revisions\/99760"}],"wp:featuredmedia":[{"embeddable":true,"href":"https:\/\/www.egemtv.com\/index.php?rest_route=\/wp\/v2\/media\/99759"}],"wp:attachment":[{"href":"https:\/\/www.egemtv.com\/index.php?rest_route=%2Fwp%2Fv2%2Fmedia&parent=99758"}],"wp:term":[{"taxonomy":"category","embeddable":true,"href":"https:\/\/www.egemtv.com\/index.php?rest_route=%2Fwp%2Fv2%2Fcategories&post=99758"},{"taxonomy":"post_tag","embeddable":true,"href":"https:\/\/www.egemtv.com\/index.php?rest_route=%2Fwp%2Fv2%2Ftags&post=99758"}],"curies":[{"name":"wp","href":"https:\/\/api.w.org\/{rel}","templated":true}]}}