{"id":99755,"date":"2026-05-01T00:25:38","date_gmt":"2026-04-30T21:25:38","guid":{"rendered":"https:\/\/www.egemtv.com\/?p=99755"},"modified":"2026-05-01T00:25:38","modified_gmt":"2026-04-30T21:25:38","slug":"muglasporun-zaferi-geceyi-bayrama-cevirdi","status":"publish","type":"post","link":"https:\/\/www.egemtv.com\/?p=99755","title":{"rendered":"Mu\u011flaspor\u2019un zaferi geceyi bayrama \u00e7evirdi"},"content":{"rendered":"<p>2. lig Play-0ff ilk ka\u00e7\u0131nda Mu\u011flaspor\u2019un deplasmanda \u015eanl\u0131urfaspor\u2019u 1-0 ma\u011flup ederek elde etti\u011fi kritik galibiyetin ard\u0131ndan Mente\u015fe Kent Meydan\u0131\u2019nda b\u00fcy\u00fck bir kutlama ya\u015fand\u0131.<br \/>\n<br \/>Her ya\u015ftan Mu\u011flaspor sevdal\u0131s\u0131n\u0131n doldurdu\u011fu meydanda me\u015faleler yak\u0131ld\u0131, ara\u00e7lardan y\u00fckselen korna sesleri kent merkezinde yank\u0131land\u0131. Ellerinde bayraklarla b\u00fcy\u00fck bir co\u015fku ya\u015fayan taraftarlar, galibiyeti kutlad\u0131.<br \/>\n<br \/>&#8220;Mesafeler sevmeye engel de\u011fil&#8221; diyerek tak\u0131mlar\u0131na olan ba\u011fl\u0131l\u0131klar\u0131n\u0131 g\u00f6steren Mu\u011flaspor taraftarlar\u0131, 90 dakika boyunca oldu\u011fu gibi ma\u00e7\u0131n ard\u0131ndan da meydan\u0131 terk etmedi. Kent Meydan\u0131\u2019nda olu\u015fan kalabal\u0131k, mar\u015flar ve alk\u0131\u015flar e\u015fli\u011finde adeta tek y\u00fcrek oldu.<br \/>\n<br \/>Taraftarlara deplasman yasa\u011f\u0131 getirilmesi nedeniyle Mu\u011flaspor sevdal\u0131lar\u0131 Mente\u015fe\u2019de Kent Meydan\u0131\u2019nda kurulan dev ekranda ma\u00e7\u0131 takip etti. Her ya\u015f grubundan vatanda\u015flar\u0131n yo\u011fun ilgi g\u00f6sterdi\u011fi etkinlikte b\u00fcy\u00fck bir co\u015fku ya\u015fand\u0131.<br \/>\n<br \/>Mente\u015fe Belediye Ba\u015fkan\u0131 Gonca K\u00f6ksal Aras da taraftarlarla birlikte kar\u015f\u0131la\u015fmay\u0131 izlerken, ma\u00e7 boyunca meydanda heyecan bir an olsun d\u00fc\u015fmedi. Kar\u015f\u0131la\u015fman\u0131n biti\u015f d\u00fcd\u00fc\u011f\u00fcyle birlikte Mu\u011flaspor\u2019un galibiyeti b\u00fcy\u00fck sevin\u00e7le kutland\u0131.<br \/><\/p>\n","protected":false},"excerpt":{"rendered":"<p>2. lig Play-0ff ilk ka\u00e7\u0131nda Mu\u011flaspor\u2019un deplasmanda \u015eanl\u0131urfaspor\u2019u 1-0 ma\u011flup ederek elde etti\u011fi kritik galibiyetin ard\u0131ndan Mente\u015fe Kent Meydan\u0131\u2019nda b\u00fcy\u00fck bir kutlama ya\u015fand\u0131. Her ya\u015ftan Mu\u011flaspor sevdal\u0131s\u0131n\u0131n doldurdu\u011fu meydanda me\u015faleler yak\u0131ld\u0131, ara\u00e7lardan y\u00fckselen korna sesleri kent merkezinde yank\u0131land\u0131. Ellerinde bayraklarla b\u00fcy\u00fck bir co\u015fku ya\u015fayan taraftarlar, galibiyeti kutlad\u0131. &#8220;Mesafeler sevmeye engel de\u011fil&#8221; diyerek tak\u0131mlar\u0131na olan ba\u011fl\u0131l\u0131klar\u0131n\u0131&#8230;<\/p>\n","protected":false},"author":1,"featured_media":99756,"comment_status":"open","ping_status":"open","sticky":false,"template":"","format":"standard","meta":{"_crdt_document":"","footnotes":""},"categories":[4],"tags":[],"class_list":["post-99755","post","type-post","status-publish","format-standard","has-post-thumbnail","hentry","category-spor"],"_links":{"self":[{"href":"https:\/\/www.egemtv.com\/index.php?rest_route=\/wp\/v2\/posts\/99755","targetHints":{"allow":["GET"]}}],"collection":[{"href":"https:\/\/www.egemtv.com\/index.php?rest_route=\/wp\/v2\/posts"}],"about":[{"href":"https:\/\/www.egemtv.com\/index.php?rest_route=\/wp\/v2\/types\/post"}],"author":[{"embeddable":true,"href":"https:\/\/www.egemtv.com\/index.php?rest_route=\/wp\/v2\/users\/1"}],"replies":[{"embeddable":true,"href":"https:\/\/www.egemtv.com\/index.php?rest_route=%2Fwp%2Fv2%2Fcomments&post=99755"}],"version-history":[{"count":1,"href":"https:\/\/www.egemtv.com\/index.php?rest_route=\/wp\/v2\/posts\/99755\/revisions"}],"predecessor-version":[{"id":99757,"href":"https:\/\/www.egemtv.com\/index.php?rest_route=\/wp\/v2\/posts\/99755\/revisions\/99757"}],"wp:featuredmedia":[{"embeddable":true,"href":"https:\/\/www.egemtv.com\/index.php?rest_route=\/wp\/v2\/media\/99756"}],"wp:attachment":[{"href":"https:\/\/www.egemtv.com\/index.php?rest_route=%2Fwp%2Fv2%2Fmedia&parent=99755"}],"wp:term":[{"taxonomy":"category","embeddable":true,"href":"https:\/\/www.egemtv.com\/index.php?rest_route=%2Fwp%2Fv2%2Fcategories&post=99755"},{"taxonomy":"post_tag","embeddable":true,"href":"https:\/\/www.egemtv.com\/index.php?rest_route=%2Fwp%2Fv2%2Ftags&post=99755"}],"curies":[{"name":"wp","href":"https:\/\/api.w.org\/{rel}","templated":true}]}}