{"id":99752,"date":"2026-04-30T23:50:42","date_gmt":"2026-04-30T20:50:42","guid":{"rendered":"https:\/\/www.egemtv.com\/?p=99752"},"modified":"2026-04-30T23:50:43","modified_gmt":"2026-04-30T20:50:43","slug":"marmaristen-sumud-filosuna-destek-icin-10-tekne-akdenize-acildi","status":"publish","type":"post","link":"https:\/\/www.egemtv.com\/?p=99752","title":{"rendered":"Marmaris\u2019ten Sumud Filosu\u2019na destek i\u00e7in 10 tekne Akdeniz\u2019e a\u00e7\u0131ld\u0131"},"content":{"rendered":"<p>Mu\u011fla\u2019n\u0131n Marmaris k\u0131y\u0131lar\u0131ndan a\u00e7\u0131lan yakla\u015f\u0131k 10 teknelik grup, Sumud Filosu\u2019na y\u00f6nelik sald\u0131r\u0131n\u0131n ard\u0131ndan destek amac\u0131yla Akdeniz\u2019e a\u00e7\u0131ld\u0131.<br \/>\n<br \/>\u0130srail\u2019in uluslararas\u0131 sularda Sumud Filosu\u2019na y\u00f6nelik sald\u0131r\u0131s\u0131n\u0131n ard\u0131ndan filoya destek amac\u0131yla yakla\u015f\u0131k 10 teknelik grup, Marmaris k\u0131y\u0131lar\u0131ndan Akdeniz\u2019e a\u00e7\u0131ld\u0131. Marmaris\u2019ten hareket eden yakla\u015f\u0131k 10 teknelik destek grubu, Akdeniz a\u00e7\u0131klar\u0131nda Yunanistan karasular\u0131na do\u011fru ilerleyerek Sumud Filosu\u2019na y\u00f6nelik sald\u0131r\u0131ya kar\u015f\u0131 dayan\u0131\u015fma seferi ba\u015flatt\u0131. Yap\u0131lan a\u00e7\u0131klamada, &#8220;Yap\u0131lan bu hukuksuz ve uluslararas\u0131 hukuka ayk\u0131r\u0131 m\u00fcdahaleyi protesto etmek i\u00e7in T\u00fcrk karasular\u0131nda Sumud Global tekneleri olarak denizdeyiz. Sonras\u0131nda arkada\u015flar\u0131m\u0131zla bulu\u015fmak \u00fczere yolumuza devam edece\u011fiz. Gazze\u2019de ya\u015fananlara kar\u015f\u0131 tavr\u0131m\u0131z s\u00fcrecek. T\u00fcm halk\u0131m\u0131zdan destek bekliyoruz&#8221; denildi.<br \/><\/p>\n","protected":false},"excerpt":{"rendered":"<p>Mu\u011fla\u2019n\u0131n Marmaris k\u0131y\u0131lar\u0131ndan a\u00e7\u0131lan yakla\u015f\u0131k 10 teknelik grup, Sumud Filosu\u2019na y\u00f6nelik sald\u0131r\u0131n\u0131n ard\u0131ndan destek amac\u0131yla Akdeniz\u2019e a\u00e7\u0131ld\u0131. \u0130srail\u2019in uluslararas\u0131 sularda Sumud Filosu\u2019na y\u00f6nelik sald\u0131r\u0131s\u0131n\u0131n ard\u0131ndan filoya destek amac\u0131yla yakla\u015f\u0131k 10 teknelik grup, Marmaris k\u0131y\u0131lar\u0131ndan Akdeniz\u2019e a\u00e7\u0131ld\u0131. Marmaris\u2019ten hareket eden yakla\u015f\u0131k 10 teknelik destek grubu, Akdeniz a\u00e7\u0131klar\u0131nda Yunanistan karasular\u0131na do\u011fru ilerleyerek Sumud Filosu\u2019na y\u00f6nelik sald\u0131r\u0131ya kar\u015f\u0131&#8230;<\/p>\n","protected":false},"author":1,"featured_media":99753,"comment_status":"open","ping_status":"open","sticky":false,"template":"","format":"standard","meta":{"_crdt_document":"","footnotes":""},"categories":[1],"tags":[],"class_list":["post-99752","post","type-post","status-publish","format-standard","has-post-thumbnail","hentry","category-guncel"],"_links":{"self":[{"href":"https:\/\/www.egemtv.com\/index.php?rest_route=\/wp\/v2\/posts\/99752","targetHints":{"allow":["GET"]}}],"collection":[{"href":"https:\/\/www.egemtv.com\/index.php?rest_route=\/wp\/v2\/posts"}],"about":[{"href":"https:\/\/www.egemtv.com\/index.php?rest_route=\/wp\/v2\/types\/post"}],"author":[{"embeddable":true,"href":"https:\/\/www.egemtv.com\/index.php?rest_route=\/wp\/v2\/users\/1"}],"replies":[{"embeddable":true,"href":"https:\/\/www.egemtv.com\/index.php?rest_route=%2Fwp%2Fv2%2Fcomments&post=99752"}],"version-history":[{"count":1,"href":"https:\/\/www.egemtv.com\/index.php?rest_route=\/wp\/v2\/posts\/99752\/revisions"}],"predecessor-version":[{"id":99754,"href":"https:\/\/www.egemtv.com\/index.php?rest_route=\/wp\/v2\/posts\/99752\/revisions\/99754"}],"wp:featuredmedia":[{"embeddable":true,"href":"https:\/\/www.egemtv.com\/index.php?rest_route=\/wp\/v2\/media\/99753"}],"wp:attachment":[{"href":"https:\/\/www.egemtv.com\/index.php?rest_route=%2Fwp%2Fv2%2Fmedia&parent=99752"}],"wp:term":[{"taxonomy":"category","embeddable":true,"href":"https:\/\/www.egemtv.com\/index.php?rest_route=%2Fwp%2Fv2%2Fcategories&post=99752"},{"taxonomy":"post_tag","embeddable":true,"href":"https:\/\/www.egemtv.com\/index.php?rest_route=%2Fwp%2Fv2%2Ftags&post=99752"}],"curies":[{"name":"wp","href":"https:\/\/api.w.org\/{rel}","templated":true}]}}