{"id":99749,"date":"2026-04-30T23:50:41","date_gmt":"2026-04-30T20:50:41","guid":{"rendered":"https:\/\/www.egemtv.com\/?p=99749"},"modified":"2026-04-30T23:50:42","modified_gmt":"2026-04-30T20:50:42","slug":"kutahyada-ney-gelenegi-surduruluyor","status":"publish","type":"post","link":"https:\/\/www.egemtv.com\/?p=99749","title":{"rendered":"K\u00fctahya\u2019da ney gelene\u011fi s\u00fcrd\u00fcr\u00fcl\u00fcyor"},"content":{"rendered":"<p>K\u00fctahya\u2019da faaliyet g\u00f6steren Mevlana Ara\u015ft\u0131rma K\u00fclt\u00fcr ve Sanat Derne\u011fi, 2007 y\u0131l\u0131ndan bu yana s\u00fcrd\u00fcrd\u00fc\u011f\u00fc ney e\u011fitimleriyle hem T\u00fcrk musikisini hem de tasavvuf k\u00fclt\u00fcr\u00fcn\u00fc ya\u015fatmaya devam ediyor. Dernekte y\u00fcr\u00fct\u00fclen \u00e7al\u0131\u015fmalar hakk\u0131nda bilgi veren neyzen Mustafa C\u00fcneyt Ayd\u0131n, farkl\u0131 ya\u015f gruplar\u0131ndan ve seviyelerden \u00f6\u011frencilerle d\u00fczenli e\u011fitimler ger\u00e7ekle\u015ftirdiklerini s\u00f6yledi.<br \/>\n<br \/>Ayd\u0131n, her hafta yap\u0131lan derslerde, klasik T\u00fcrk musikisi repertuar\u0131ndan se\u00e7ilen eserler \u00fczerinde \u00e7al\u0131\u015ft\u0131klar\u0131n\u0131 belirtti. Ayd\u0131n, bu s\u00fcre\u00e7te \u00f6\u011frencilerin sadece teknik anlamda de\u011fil, ayn\u0131 zamanda m\u00fczikal ve k\u00fclt\u00fcrel a\u00e7\u0131dan da geli\u015fim g\u00f6sterdi\u011fini belirtti. E\u011fitimlerin belirli bir a\u015famaya ula\u015fmas\u0131n\u0131n ard\u0131ndan, \u00f6\u011frencilerle birlikte olu\u015fturulan repertuar do\u011frultusunda konserler d\u00fczenlemeyi hedeflediklerini ifade etti.<br \/>\n<br \/>Derne\u011fin bug\u00fcne kadar bir\u00e7ok \u00f6\u011frenci yeti\u015ftirdi\u011fini vurgulayan Ayd\u0131n, bu \u00f6\u011frenciler aras\u0131nda \u00fcniversitelerde ney hocal\u0131\u011f\u0131 yapanlar\u0131n, farkl\u0131 \u015fehirlerde konserler verenlerin ve sanat yolculu\u011funu profesyonel d\u00fczeye ta\u015f\u0131yan isimlerin bulundu\u011funu dile getirdi. Bu durumun kendileri i\u00e7in b\u00fcy\u00fck bir gurur kayna\u011f\u0131 oldu\u011funu belirten Ayd\u0131n, yeni \u00f6\u011frencilerle bu gelene\u011fi s\u00fcrd\u00fcrmeye kararl\u0131 olduklar\u0131n\u0131 s\u00f6yledi.<br \/>\n<br \/>Neyin yaln\u0131zca bir enstr\u00fcman olmad\u0131\u011f\u0131n\u0131 \u00f6zellikle vurgulayan Ayd\u0131n, bu saz\u0131n derin bir manevi anlam ta\u015f\u0131d\u0131\u011f\u0131n\u0131 ifade etti. Kam\u0131\u015fl\u0131kta yeti\u015fen bir kam\u0131\u015f\u0131n, \u00e7e\u015fitli i\u015flemlerden ge\u00e7irilerek bir enstr\u00fcmana d\u00f6n\u00fc\u015fmesini anlatan Ayd\u0131n, bu s\u00fcrecin insan\u0131n olgunla\u015fma yolculu\u011funa benzetildi\u011fini belirtti. Neyin i\u00e7inin bo\u015falt\u0131lmas\u0131, ate\u015fle da\u011flanmas\u0131 ve \u015fekillendirilmesi gibi a\u015famalar\u0131n, tasavvufta insan\u0131n nefs terbiyesiyle ili\u015fkilendirildi\u011fini s\u00f6yledi.<br \/>\n<br \/>Neyin tarihi k\u00f6kenlerine de de\u011finen Ayd\u0131n, bu saz\u0131n Anadolu\u2019da as\u0131l anlam\u0131n\u0131 Mevlana Celaleddin-i Rumi ile birlikte kazand\u0131\u011f\u0131n\u0131 ifade etti. Mevlana\u2019n\u0131n Mesnevi adl\u0131 eserinin ilk 18 beyitinde neyin, insan-\u0131 k\u00e2milin sembol\u00fc olarak anlat\u0131ld\u0131\u011f\u0131n\u0131 hat\u0131rlatan Ayd\u0131n, bu yakla\u015f\u0131m\u0131n y\u00fczy\u0131llard\u0131r etkisini s\u00fcrd\u00fcrd\u00fc\u011f\u00fcn\u00fc belirtti.<br \/>\n<br \/>Neyzen Mustafa C\u00fcneyt Ayd\u0131n, T\u00fcrk sanat\u0131n\u0131n \u00f6nemli bir par\u00e7as\u0131 olan ney ve T\u00fcrk musikisinin gelecek ku\u015faklara aktar\u0131lmas\u0131 i\u00e7in \u00e7al\u0131\u015fmalar\u0131n artarak devam edece\u011fini ifade etti.<br \/>\n<br \/>Ney kursuna kat\u0131lan kursiyerler de neyin insan ruhunu dinlendiren, stres azaltan ve i\u00e7 huzuru sa\u011flayan bir m\u00fczik aleti oldu\u011funu dile getirerek, bu sanat\u0131 \u00f6\u011frenmenin kendileri i\u00e7in hem k\u00fclt\u00fcrel hem de manevi bir kazan\u0131m oldu\u011funu ifade etti.<br \/><\/p>\n","protected":false},"excerpt":{"rendered":"<p>K\u00fctahya\u2019da faaliyet g\u00f6steren Mevlana Ara\u015ft\u0131rma K\u00fclt\u00fcr ve Sanat Derne\u011fi, 2007 y\u0131l\u0131ndan bu yana s\u00fcrd\u00fcrd\u00fc\u011f\u00fc ney e\u011fitimleriyle hem T\u00fcrk musikisini hem de tasavvuf k\u00fclt\u00fcr\u00fcn\u00fc ya\u015fatmaya devam ediyor. Dernekte y\u00fcr\u00fct\u00fclen \u00e7al\u0131\u015fmalar hakk\u0131nda bilgi veren neyzen Mustafa C\u00fcneyt Ayd\u0131n, farkl\u0131 ya\u015f gruplar\u0131ndan ve seviyelerden \u00f6\u011frencilerle d\u00fczenli e\u011fitimler ger\u00e7ekle\u015ftirdiklerini s\u00f6yledi. Ayd\u0131n, her hafta yap\u0131lan derslerde, klasik T\u00fcrk musikisi repertuar\u0131ndan&#8230;<\/p>\n","protected":false},"author":1,"featured_media":99750,"comment_status":"open","ping_status":"open","sticky":false,"template":"","format":"standard","meta":{"_crdt_document":"","footnotes":""},"categories":[1],"tags":[],"class_list":["post-99749","post","type-post","status-publish","format-standard","has-post-thumbnail","hentry","category-guncel"],"_links":{"self":[{"href":"https:\/\/www.egemtv.com\/index.php?rest_route=\/wp\/v2\/posts\/99749","targetHints":{"allow":["GET"]}}],"collection":[{"href":"https:\/\/www.egemtv.com\/index.php?rest_route=\/wp\/v2\/posts"}],"about":[{"href":"https:\/\/www.egemtv.com\/index.php?rest_route=\/wp\/v2\/types\/post"}],"author":[{"embeddable":true,"href":"https:\/\/www.egemtv.com\/index.php?rest_route=\/wp\/v2\/users\/1"}],"replies":[{"embeddable":true,"href":"https:\/\/www.egemtv.com\/index.php?rest_route=%2Fwp%2Fv2%2Fcomments&post=99749"}],"version-history":[{"count":1,"href":"https:\/\/www.egemtv.com\/index.php?rest_route=\/wp\/v2\/posts\/99749\/revisions"}],"predecessor-version":[{"id":99751,"href":"https:\/\/www.egemtv.com\/index.php?rest_route=\/wp\/v2\/posts\/99749\/revisions\/99751"}],"wp:featuredmedia":[{"embeddable":true,"href":"https:\/\/www.egemtv.com\/index.php?rest_route=\/wp\/v2\/media\/99750"}],"wp:attachment":[{"href":"https:\/\/www.egemtv.com\/index.php?rest_route=%2Fwp%2Fv2%2Fmedia&parent=99749"}],"wp:term":[{"taxonomy":"category","embeddable":true,"href":"https:\/\/www.egemtv.com\/index.php?rest_route=%2Fwp%2Fv2%2Fcategories&post=99749"},{"taxonomy":"post_tag","embeddable":true,"href":"https:\/\/www.egemtv.com\/index.php?rest_route=%2Fwp%2Fv2%2Ftags&post=99749"}],"curies":[{"name":"wp","href":"https:\/\/api.w.org\/{rel}","templated":true}]}}