{"id":99746,"date":"2026-04-30T22:40:52","date_gmt":"2026-04-30T19:40:52","guid":{"rendered":"https:\/\/www.egemtv.com\/?p=99746"},"modified":"2026-04-30T22:40:53","modified_gmt":"2026-04-30T19:40:53","slug":"kutahyada-sumud-filosuna-yapilan-saldiriya-tepki","status":"publish","type":"post","link":"https:\/\/www.egemtv.com\/?p=99746","title":{"rendered":"K\u00fctahya\u2019da Sumud Filosu\u2019na yap\u0131lan sald\u0131r\u0131ya tepki"},"content":{"rendered":"<p>K\u00fctahya\u2019da d\u00fczenlenen bas\u0131n a\u00e7\u0131klamas\u0131yla \u0130srail\u2019in Sumud Filosu\u2019na y\u00f6nelik sald\u0131r\u0131s\u0131 protesto edildi.<br \/>\n<br \/>Sivil Toplum Kurulu\u015flar\u0131 Dayan\u0131\u015fma Platformu \u00fcyeleri, K\u00fctahya Zafer Meydan\u0131\u2019nda bir araya gelerek Sumud Filosu\u2019na yap\u0131lan sald\u0131r\u0131ya tepki g\u00f6sterdi. Grup ad\u0131na a\u00e7\u0131klama yapan Ali Y\u0131lmaz, Gazze\u2019ye insani yard\u0131m ula\u015ft\u0131rmak amac\u0131yla yola \u00e7\u0131kan &#8220;Global Sumud Filosu&#8221;nun uluslararas\u0131 sularda sald\u0131r\u0131ya u\u011frad\u0131\u011f\u0131n\u0131, bu durumun insanl\u0131k onuruna ve uluslararas\u0131 hukuka ayk\u0131r\u0131 oldu\u011funu ifade etti. Y\u0131lmaz, a\u00e7\u0131klamas\u0131nda Gazze\u2019de ya\u015fanan insani krize dikkat \u00e7ekerek, b\u00f6lgede sivillerin a\u011f\u0131r bedeller \u00f6dedi\u011fini belirtti. Filoya y\u00f6nelik m\u00fcdahalenin yaln\u0131zca aktivistleri de\u011fil, ayn\u0131 zamanda k\u00fcresel vicdan\u0131 hedef ald\u0131\u011f\u0131 vurguland\u0131.<br \/>\n<br \/>Bas\u0131n a\u00e7\u0131klamas\u0131nda ayr\u0131ca, uluslararas\u0131 topluma \u00e7a\u011fr\u0131da bulunularak Gazze\u2019ye insani yard\u0131mlar\u0131n kesintisiz ula\u015ft\u0131r\u0131lmas\u0131 ve b\u00f6lgedeki ablukan\u0131n kald\u0131r\u0131lmas\u0131 gerekti\u011fi vurguland\u0131. Bas\u0131n a\u00e7\u0131klamas\u0131 at\u0131lan sloganlar\u0131n ard\u0131ndan sona erdi.<br \/><\/p>\n","protected":false},"excerpt":{"rendered":"<p>K\u00fctahya\u2019da d\u00fczenlenen bas\u0131n a\u00e7\u0131klamas\u0131yla \u0130srail\u2019in Sumud Filosu\u2019na y\u00f6nelik sald\u0131r\u0131s\u0131 protesto edildi. Sivil Toplum Kurulu\u015flar\u0131 Dayan\u0131\u015fma Platformu \u00fcyeleri, K\u00fctahya Zafer Meydan\u0131\u2019nda bir araya gelerek Sumud Filosu\u2019na yap\u0131lan sald\u0131r\u0131ya tepki g\u00f6sterdi. Grup ad\u0131na a\u00e7\u0131klama yapan Ali Y\u0131lmaz, Gazze\u2019ye insani yard\u0131m ula\u015ft\u0131rmak amac\u0131yla yola \u00e7\u0131kan &#8220;Global Sumud Filosu&#8221;nun uluslararas\u0131 sularda sald\u0131r\u0131ya u\u011frad\u0131\u011f\u0131n\u0131, bu durumun insanl\u0131k onuruna ve uluslararas\u0131&#8230;<\/p>\n","protected":false},"author":1,"featured_media":99747,"comment_status":"open","ping_status":"open","sticky":false,"template":"","format":"standard","meta":{"_crdt_document":"","footnotes":""},"categories":[123],"tags":[],"class_list":["post-99746","post","type-post","status-publish","format-standard","has-post-thumbnail","hentry","category-gundem"],"_links":{"self":[{"href":"https:\/\/www.egemtv.com\/index.php?rest_route=\/wp\/v2\/posts\/99746","targetHints":{"allow":["GET"]}}],"collection":[{"href":"https:\/\/www.egemtv.com\/index.php?rest_route=\/wp\/v2\/posts"}],"about":[{"href":"https:\/\/www.egemtv.com\/index.php?rest_route=\/wp\/v2\/types\/post"}],"author":[{"embeddable":true,"href":"https:\/\/www.egemtv.com\/index.php?rest_route=\/wp\/v2\/users\/1"}],"replies":[{"embeddable":true,"href":"https:\/\/www.egemtv.com\/index.php?rest_route=%2Fwp%2Fv2%2Fcomments&post=99746"}],"version-history":[{"count":1,"href":"https:\/\/www.egemtv.com\/index.php?rest_route=\/wp\/v2\/posts\/99746\/revisions"}],"predecessor-version":[{"id":99748,"href":"https:\/\/www.egemtv.com\/index.php?rest_route=\/wp\/v2\/posts\/99746\/revisions\/99748"}],"wp:featuredmedia":[{"embeddable":true,"href":"https:\/\/www.egemtv.com\/index.php?rest_route=\/wp\/v2\/media\/99747"}],"wp:attachment":[{"href":"https:\/\/www.egemtv.com\/index.php?rest_route=%2Fwp%2Fv2%2Fmedia&parent=99746"}],"wp:term":[{"taxonomy":"category","embeddable":true,"href":"https:\/\/www.egemtv.com\/index.php?rest_route=%2Fwp%2Fv2%2Fcategories&post=99746"},{"taxonomy":"post_tag","embeddable":true,"href":"https:\/\/www.egemtv.com\/index.php?rest_route=%2Fwp%2Fv2%2Ftags&post=99746"}],"curies":[{"name":"wp","href":"https:\/\/api.w.org\/{rel}","templated":true}]}}