{"id":99743,"date":"2026-04-30T21:30:52","date_gmt":"2026-04-30T18:30:52","guid":{"rendered":"https:\/\/www.egemtv.com\/?p=99743"},"modified":"2026-04-30T21:30:53","modified_gmt":"2026-04-30T18:30:53","slug":"datcada-8-donem-mahalle-afet-gonulluleri-yemin-toreni-duzenlendi","status":"publish","type":"post","link":"https:\/\/www.egemtv.com\/?p=99743","title":{"rendered":"Dat\u00e7a\u2019da 8. D\u00f6nem Mahalle Afet G\u00f6n\u00fcll\u00fcleri Yemin T\u00f6reni d\u00fczenlendi"},"content":{"rendered":"<p>Mu\u011fla\u2019n\u0131n Dat\u00e7a il\u00e7esinde, 8. d\u00f6nem Mahalle Afet G\u00f6n\u00fcll\u00fcleri (MAG) yemin ve belge teslim t\u00f6reni ger\u00e7ekle\u015ftirildi.<br \/>\n<br \/>Dat\u00e7a\u2019da d\u00fczenlenen t\u00f6rende, e\u011fitimlerini tamamlayan yeni g\u00f6n\u00fcll\u00fcler yemin ederek belgelerini ald\u0131. Programa, daha \u00f6nce e\u011fitim alm\u0131\u015f Mahalle Afet G\u00f6n\u00fcll\u00fcleri ile operasyon ekibi de kat\u0131l\u0131m sa\u011flad\u0131. T\u00f6rende konu\u015fan MAG AME Mu\u011fla \u0130l Temsilcisi Bar\u0131\u015f Mu\u015ftu, g\u00f6n\u00fcll\u00fclerin afetlere haz\u0131rl\u0131k s\u00fcrecinde \u00f6nemli bir rol \u00fcstlendi\u011fini belirterek, &#8220;Her bir g\u00f6n\u00fcll\u00fcm\u00fcz bu yap\u0131n\u0131n temel ta\u015f\u0131d\u0131r. Sahada, e\u011fitimde ve her \u015fartta g\u00f6sterilen emek, disiplin ve dayan\u0131\u015fma bizleri daha g\u00fc\u00e7l\u00fc k\u0131l\u0131yor&#8221; dedi. Yeni kat\u0131lan g\u00f6n\u00fcll\u00fclerle birlikte te\u015fkilat\u0131n b\u00fcy\u00fcmeye ve g\u00fc\u00e7lenmeye devam etti\u011fini ifade eden Mu\u015ftu, s\u00fcrecin bir son de\u011fil, daha g\u00fc\u00e7l\u00fc bir ba\u015flang\u0131\u00e7 oldu\u011funu vurgulad\u0131. Program, belge takdimi ve hat\u0131ra foto\u011fraflar\u0131n\u0131n \u00e7ekilmesiyle sona erdi.<br \/><\/p>\n","protected":false},"excerpt":{"rendered":"<p>Mu\u011fla\u2019n\u0131n Dat\u00e7a il\u00e7esinde, 8. d\u00f6nem Mahalle Afet G\u00f6n\u00fcll\u00fcleri (MAG) yemin ve belge teslim t\u00f6reni ger\u00e7ekle\u015ftirildi. Dat\u00e7a\u2019da d\u00fczenlenen t\u00f6rende, e\u011fitimlerini tamamlayan yeni g\u00f6n\u00fcll\u00fcler yemin ederek belgelerini ald\u0131. Programa, daha \u00f6nce e\u011fitim alm\u0131\u015f Mahalle Afet G\u00f6n\u00fcll\u00fcleri ile operasyon ekibi de kat\u0131l\u0131m sa\u011flad\u0131. T\u00f6rende konu\u015fan MAG AME Mu\u011fla \u0130l Temsilcisi Bar\u0131\u015f Mu\u015ftu, g\u00f6n\u00fcll\u00fclerin afetlere haz\u0131rl\u0131k s\u00fcrecinde \u00f6nemli bir&#8230;<\/p>\n","protected":false},"author":1,"featured_media":99744,"comment_status":"open","ping_status":"open","sticky":false,"template":"","format":"standard","meta":{"_crdt_document":"","footnotes":""},"categories":[1],"tags":[],"class_list":["post-99743","post","type-post","status-publish","format-standard","has-post-thumbnail","hentry","category-guncel"],"_links":{"self":[{"href":"https:\/\/www.egemtv.com\/index.php?rest_route=\/wp\/v2\/posts\/99743","targetHints":{"allow":["GET"]}}],"collection":[{"href":"https:\/\/www.egemtv.com\/index.php?rest_route=\/wp\/v2\/posts"}],"about":[{"href":"https:\/\/www.egemtv.com\/index.php?rest_route=\/wp\/v2\/types\/post"}],"author":[{"embeddable":true,"href":"https:\/\/www.egemtv.com\/index.php?rest_route=\/wp\/v2\/users\/1"}],"replies":[{"embeddable":true,"href":"https:\/\/www.egemtv.com\/index.php?rest_route=%2Fwp%2Fv2%2Fcomments&post=99743"}],"version-history":[{"count":1,"href":"https:\/\/www.egemtv.com\/index.php?rest_route=\/wp\/v2\/posts\/99743\/revisions"}],"predecessor-version":[{"id":99745,"href":"https:\/\/www.egemtv.com\/index.php?rest_route=\/wp\/v2\/posts\/99743\/revisions\/99745"}],"wp:featuredmedia":[{"embeddable":true,"href":"https:\/\/www.egemtv.com\/index.php?rest_route=\/wp\/v2\/media\/99744"}],"wp:attachment":[{"href":"https:\/\/www.egemtv.com\/index.php?rest_route=%2Fwp%2Fv2%2Fmedia&parent=99743"}],"wp:term":[{"taxonomy":"category","embeddable":true,"href":"https:\/\/www.egemtv.com\/index.php?rest_route=%2Fwp%2Fv2%2Fcategories&post=99743"},{"taxonomy":"post_tag","embeddable":true,"href":"https:\/\/www.egemtv.com\/index.php?rest_route=%2Fwp%2Fv2%2Ftags&post=99743"}],"curies":[{"name":"wp","href":"https:\/\/api.w.org\/{rel}","templated":true}]}}