{"id":99737,"date":"2026-04-30T21:30:49","date_gmt":"2026-04-30T18:30:49","guid":{"rendered":"https:\/\/www.egemtv.com\/?p=99737"},"modified":"2026-04-30T21:30:51","modified_gmt":"2026-04-30T18:30:51","slug":"izmirde-burun-estetigi-icin-ameliyat-olan-23-yasindaki-genc-kiz-hayatini-kaybetti","status":"publish","type":"post","link":"https:\/\/www.egemtv.com\/?p=99737","title":{"rendered":"\u0130zmir\u2019de burun esteti\u011fi i\u00e7in ameliyat olan 23 ya\u015f\u0131ndaki gen\u00e7 k\u0131z hayat\u0131n\u0131 kaybetti"},"content":{"rendered":"<p>\u0130zmir\u2019in \u00c7i\u011fli il\u00e7esinde burun esteti\u011fi ameliyat\u0131 s\u0131ras\u0131nda fenala\u015fan 23 ya\u015f\u0131ndaki gen\u00e7 k\u0131z, sevk edildi\u011fi hastanede g\u00fcnler s\u00fcren ya\u015fam m\u00fccadelesini kaybetti. K\u0131z\u0131n\u0131n ac\u0131s\u0131yla sars\u0131lan anne Remziye Kanak, &#8220;Ameliyat masraf\u0131 olarak \u00f6dedi\u011fim 70 bin liray\u0131 asl\u0131nda k\u0131z\u0131m\u0131n kefen paras\u0131 olarak vermi\u015fim. B\u00f6yle \u00f6ld\u00fcreceklerini bilsem ayaklar\u0131m\u0131 k\u0131rar, yine de oraya g\u00f6t\u00fcrmezdim&#8221; dedi.<br \/>\n<br \/>Olay, 22 Nisan \u00c7ar\u015famba g\u00fcn\u00fc \u00c7i\u011fli il\u00e7esinde bulunan \u00d6zel Metropol Hastanesinde meydana geldi. \u0130ddiaya g\u00f6re, burun esteti\u011fi ameliyat\u0131 olmak i\u00e7in hastaneye yatan Hatice \u00d6nc\u00fc (23), operasyon s\u0131ras\u0131nda aniden fenala\u015ft\u0131. Durumu bir anda k\u00f6t\u00fcye giden ve uyanamayan gen\u00e7 k\u0131z, ilk olarak ayn\u0131 hastanenin yo\u011fun bak\u0131m servisinde tedavi alt\u0131na al\u0131nd\u0131. Burada durumu giderek a\u011f\u0131rla\u015fan \u00d6nc\u00fc, daha sonra ileri tetkik ve tedavi amac\u0131yla tam donan\u0131ml\u0131 \u0130zmir \u015eehir Hastanesine sevk edildi. \u015eehir Hastanesinde g\u00fcnlerce yo\u011fun bak\u0131mda ya\u015fam m\u00fccadelesi veren gen\u00e7 k\u0131zdan sabah saatlerinde ac\u0131 haber geldi. Doktorlar\u0131n yapt\u0131\u011f\u0131 t\u00fcm m\u00fcdahalelere ra\u011fmen Hatice \u00d6nc\u00fc, bug\u00fcn hayat\u0131n\u0131 kaybetti. Vefat haberinin ard\u0131ndan gen\u00e7 k\u0131z\u0131n cans\u0131z bedeni, kesin \u00f6l\u00fcm nedeninin belirlenmesi amac\u0131yla otopsi i\u015flemleri i\u00e7in \u0130zmir Adli T\u0131p Kurumu morguna kald\u0131r\u0131ld\u0131. Evlatlar\u0131n\u0131 kaybetmenin ac\u0131s\u0131n\u0131 ya\u015fayan aile, ameliyat\u0131n ger\u00e7ekle\u015fti\u011fi \u00d6zel Metropol Hastanesi ve ilgili doktorlar hakk\u0131nda savc\u0131l\u0131\u011fa giderek su\u00e7 duyurusunda bulunurken, \u0130zmir \u0130l Sa\u011fl\u0131k M\u00fcd\u00fcrl\u00fc\u011f\u00fcn\u00fcn de \u015f\u00fcpheli \u00f6l\u00fcmle ilgili idari inceleme ba\u015flatt\u0131\u011f\u0131 \u00f6\u011frenildi. Gen\u00e7 k\u0131z\u0131n cenazesinin, yar\u0131n \u00f6\u011fle namaz\u0131n\u0131 m\u00fcteakip Konak il\u00e7esinde bulunan \u00c7orakkap\u0131 Camii\u2019nde k\u0131l\u0131nacak cenaze namaz\u0131n\u0131n ard\u0131ndan topra\u011fa verilece\u011fi belirtildi.<\/p>\n<p>&#8220;\u0130ki defa ent\u00fcbe edilmi\u015f&#8221;<br \/>\n<br \/>K\u0131z\u0131n\u0131n burun ameliyat\u0131 i\u00e7in girdi\u011fi \u00f6zel hastanede fenala\u015f\u0131p iki kez ent\u00fcbe edildikten sonra beyin \u00f6l\u00fcm\u00fc ger\u00e7ekle\u015fmi\u015f halde ba\u015fka bir hastaneye sevk edildi\u011fini belirten anne Remziye Kanak, &#8220;Saat 15.00\u2019te olmas\u0131 gereken ameliyata 14.00\u2019te ald\u0131lar. Normalde bir bu\u00e7uk saat s\u00fcrecek operasyonun ard\u0131ndan k\u0131z\u0131m uyanmad\u0131. Bizi oyalayarak s\u00fcrekli yalan s\u00f6ylediler. Narkozu verdiklerinde uyumad\u0131\u011f\u0131 i\u00e7in ikinci kez narkoz vermi\u015fler. \u00d6dem olu\u015ftu\u011funu s\u00f6yleyip bizi kand\u0131rd\u0131lar. \u0130ki defa ent\u00fcbe edilmi\u015f. Ertesi sabah tomografinin k\u00f6t\u00fc \u00e7\u0131kt\u0131\u011f\u0131n\u0131 s\u00f6yleyerek bizi \u015eehir Hastanesine yollad\u0131lar. Asl\u0131nda beyni \u00f6lm\u00fc\u015f, beyin \u00f6l\u00fcm\u00fc ger\u00e7ekle\u015fmi\u015f halde bizi oraya g\u00f6ndermi\u015fler. Sekiz dokuz g\u00fcn boyunca k\u0131z\u0131m hi\u00e7 ay\u0131lmad\u0131 ve bug\u00fcn sabah \u00f6l\u00fcm haberini ald\u0131k&#8221; \u015feklinde konu\u015ftu.<\/p>\n<p>&#8220;Kefen paras\u0131 olarak vermi\u015fim&#8221;<br \/>\n<br \/>Ameliyat masraf\u0131 olarak \u00f6dedi\u011fi 70 bin liray\u0131 asl\u0131nda k\u0131z\u0131n\u0131n kefen paras\u0131 olarak verdi\u011fini vurgulayan Kanak, &#8220;Ben k\u0131z\u0131m\u0131 ne zorluklarla 23 ya\u015f\u0131na kadar getirdim. B\u00f6yle \u00f6ld\u00fcreceklerini bilsem ayaklar\u0131m\u0131 k\u0131rar, yine de oraya g\u00f6t\u00fcrmezdim. \u00c7i\u011fli\u2019deki o \u00f6zel hastaneden ve ameliyat\u0131 yapan doktorlardan \u015fikayet\u00e7iyim. Benim ci\u011ferim yand\u0131, ba\u015fka annelerin ci\u011feri yanmas\u0131n. O hastane kapans\u0131n ve bu doktorlar mesleklerini b\u0131raks\u0131n. O s\u00fcre\u00e7te bize o kadar zulmedildi ki ac\u0131dan fenala\u015f\u0131p acile gitti\u011fimde benden para istediler, \u00fcst\u00fcmde nakit olmad\u0131\u011f\u0131 i\u00e7in bir dil alt\u0131 hap\u0131 bile vermediler. Adaletin yerini bulmas\u0131n\u0131 istiyorum&#8221; ifadelerini kulland\u0131.<\/p>\n<p>&#8220;Uzun s\u00fcre i\u00e7eride kalmas\u0131 normal de\u011fildi&#8221;<br \/>\n<br \/>K\u0131z\u0131n\u0131n burun esteti\u011fi ameliyat\u0131 i\u00e7in b\u00fcy\u00fck bir hevesle ve hi\u00e7bir sa\u011fl\u0131k engeli bulunmadan hastaneye ba\u015fvurdu\u011funu belirten ac\u0131l\u0131 baba \u0130brahim \u00d6nc\u00fc, &#8220;Hatice, ameliyat g\u00fcn\u00fc sabah\u0131 son derece sa\u011fl\u0131kl\u0131yd\u0131, evde \u015fakala\u015farak haz\u0131rland\u0131 ve o \u00f6zel hastaneye adeta ko\u015farak gitti. Gerekli t\u00fcm tetkikleri ve tahlilleri yap\u0131ld\u0131, her \u015feyin yolunda oldu\u011fu bizzat doktorlar taraf\u0131ndan s\u00f6ylendi ve biz de onu dualarla ameliyathaneye u\u011furlad\u0131k. Basit bir estetik operasyon olaca\u011f\u0131, \u00e7ok k\u0131sa bir s\u00fcre i\u00e7inde odas\u0131na al\u0131naca\u011f\u0131 belirtilmi\u015fti ancak biz kap\u0131da beklerken saatler ilerledi, di\u011fer hastalar birer birer \u00e7\u0131kmas\u0131na ra\u011fmen Hatice\u2019den bir t\u00fcrl\u00fc haber gelmedi. \u0130\u00e7imizde tarif edilemez bir korku olu\u015fmaya ba\u015flad\u0131 \u00e7\u00fcnk\u00fc s\u0131radan bir i\u015flem i\u00e7in bu kadar uzun s\u00fcre i\u00e7eride kalmas\u0131 normal de\u011fildi&#8221; \u015feklinde konu\u015ftu.<\/p>\n<p>&#8220;Sapasa\u011flam ellerimle teslim etti\u011fim hastaneden cans\u0131z bedenini \u00e7\u0131kard\u0131k&#8221;<br \/>\n<br \/>Operasyon s\u0131ras\u0131nda ya\u015fanan aksakl\u0131klar neticesinde k\u0131z\u0131n\u0131n ent\u00fcbe edilerek sevk edildi\u011fi hastanede ya\u015fam\u0131n\u0131 yitirdi\u011fini vurgulayan baba \u00d6nc\u00fc, &#8220;Ameliyat\u0131n \u00fczerinden saatler ge\u00e7tikten sonra doktorlar yan\u0131m\u0131za gelerek k\u0131z\u0131m\u0131n bir komplikasyon nedeniyle uyand\u0131r\u0131lamad\u0131\u011f\u0131n\u0131, durumun ciddiyetini korudu\u011funu ve mecburen cihazlara ba\u011fland\u0131\u011f\u0131n\u0131 haber verdiler. O andan itibaren b\u00fcy\u00fck bir panik ve \u00e7aresizlik i\u00e7ine d\u00fc\u015ft\u00fck, bulundu\u011fumuz \u00f6zel hastanenin teknik imkanlar\u0131 yetersiz kald\u0131\u011f\u0131 i\u00e7in k\u0131z\u0131m acilen tam te\u015fekk\u00fcll\u00fc ve daha donan\u0131ml\u0131 ba\u015fka bir hastaneye nakledildi. Oradaki yo\u011fun bak\u0131m s\u00fcrecinde hekimlerin t\u00fcm \u00e7abalar\u0131na ve m\u00fcdahalelerine ra\u011fmen ne yaz\u0131k ki Hatice\u2019nin vefat haberini ald\u0131k; evlad\u0131m\u0131 sapasa\u011flam ellerimle teslim etti\u011fim o hastaneden maalesef cans\u0131z bedenini \u00e7\u0131karmak zorunda kald\u0131k.&#8221; dedi.<br \/><\/p>\n","protected":false},"excerpt":{"rendered":"<p>\u0130zmir\u2019in \u00c7i\u011fli il\u00e7esinde burun esteti\u011fi ameliyat\u0131 s\u0131ras\u0131nda fenala\u015fan 23 ya\u015f\u0131ndaki gen\u00e7 k\u0131z, sevk edildi\u011fi hastanede g\u00fcnler s\u00fcren ya\u015fam m\u00fccadelesini kaybetti. K\u0131z\u0131n\u0131n ac\u0131s\u0131yla sars\u0131lan anne Remziye Kanak, &#8220;Ameliyat masraf\u0131 olarak \u00f6dedi\u011fim 70 bin liray\u0131 asl\u0131nda k\u0131z\u0131m\u0131n kefen paras\u0131 olarak vermi\u015fim. B\u00f6yle \u00f6ld\u00fcreceklerini bilsem ayaklar\u0131m\u0131 k\u0131rar, yine de oraya g\u00f6t\u00fcrmezdim&#8221; dedi. Olay, 22 Nisan \u00c7ar\u015famba g\u00fcn\u00fc \u00c7i\u011fli&#8230;<\/p>\n","protected":false},"author":1,"featured_media":99738,"comment_status":"open","ping_status":"open","sticky":false,"template":"","format":"standard","meta":{"_crdt_document":"","footnotes":""},"categories":[5],"tags":[],"class_list":["post-99737","post","type-post","status-publish","format-standard","has-post-thumbnail","hentry","category-asayis"],"_links":{"self":[{"href":"https:\/\/www.egemtv.com\/index.php?rest_route=\/wp\/v2\/posts\/99737","targetHints":{"allow":["GET"]}}],"collection":[{"href":"https:\/\/www.egemtv.com\/index.php?rest_route=\/wp\/v2\/posts"}],"about":[{"href":"https:\/\/www.egemtv.com\/index.php?rest_route=\/wp\/v2\/types\/post"}],"author":[{"embeddable":true,"href":"https:\/\/www.egemtv.com\/index.php?rest_route=\/wp\/v2\/users\/1"}],"replies":[{"embeddable":true,"href":"https:\/\/www.egemtv.com\/index.php?rest_route=%2Fwp%2Fv2%2Fcomments&post=99737"}],"version-history":[{"count":1,"href":"https:\/\/www.egemtv.com\/index.php?rest_route=\/wp\/v2\/posts\/99737\/revisions"}],"predecessor-version":[{"id":99739,"href":"https:\/\/www.egemtv.com\/index.php?rest_route=\/wp\/v2\/posts\/99737\/revisions\/99739"}],"wp:featuredmedia":[{"embeddable":true,"href":"https:\/\/www.egemtv.com\/index.php?rest_route=\/wp\/v2\/media\/99738"}],"wp:attachment":[{"href":"https:\/\/www.egemtv.com\/index.php?rest_route=%2Fwp%2Fv2%2Fmedia&parent=99737"}],"wp:term":[{"taxonomy":"category","embeddable":true,"href":"https:\/\/www.egemtv.com\/index.php?rest_route=%2Fwp%2Fv2%2Fcategories&post=99737"},{"taxonomy":"post_tag","embeddable":true,"href":"https:\/\/www.egemtv.com\/index.php?rest_route=%2Fwp%2Fv2%2Ftags&post=99737"}],"curies":[{"name":"wp","href":"https:\/\/api.w.org\/{rel}","templated":true}]}}