{"id":99734,"date":"2026-04-30T20:20:45","date_gmt":"2026-04-30T17:20:45","guid":{"rendered":"https:\/\/www.egemtv.com\/?p=99734"},"modified":"2026-04-30T20:20:46","modified_gmt":"2026-04-30T17:20:46","slug":"germencik-belediyesinden-1-mayis-karari","status":"publish","type":"post","link":"https:\/\/www.egemtv.com\/?p=99734","title":{"rendered":"Germencik Belediyesi\u2019nden \u20191 May\u0131s\u2019 karar\u0131"},"content":{"rendered":"<p>Germencik Belediye Ba\u015fkan\u0131 Burak Zencirci 1 May\u0131s Emek ve Dayan\u0131\u015fma G\u00fcn\u00fc kapsam\u0131nda belediyeye ait t\u00fcm i\u015fletmelerde tatil ilan etti.<br \/>\n<br \/>1 May\u0131s g\u00fcn\u00fc Germencik Belediyesi\u2019nin t\u00fcm i\u015fletmeleri kapal\u0131 olacak. Al\u0131nan kararla i\u015fletmelerde g\u00f6revli personeller o g\u00fcn \u00e7al\u0131\u015fmayacak. Konuyla ilgili a\u00e7\u0131klama yapan Germencik Belediye Ba\u015fkan\u0131 Burak Zencirci \u2019emek \u00f6nceli\u011fi\u2019 vurgusu yaparak &#8220;Eme\u011fin ve al\u0131n terinin de\u011ferine dikkat \u00e7ekmek, \u00e7al\u0131\u015fanlar\u0131m\u0131z\u0131n bu anlaml\u0131 g\u00fcn\u00fc dinlenerek ve dayan\u0131\u015fma ruhu i\u00e7erisinde ge\u00e7irmelerini sa\u011flamak amac\u0131yla b\u00f6yle bir karar ald\u0131k. Germencik Belediyesi olarak, emek ve \u00fcretimin her zaman yan\u0131nda olmaya devam edece\u011fiz&#8221; dedi.<br \/><\/p>\n","protected":false},"excerpt":{"rendered":"<p>Germencik Belediye Ba\u015fkan\u0131 Burak Zencirci 1 May\u0131s Emek ve Dayan\u0131\u015fma G\u00fcn\u00fc kapsam\u0131nda belediyeye ait t\u00fcm i\u015fletmelerde tatil ilan etti. 1 May\u0131s g\u00fcn\u00fc Germencik Belediyesi\u2019nin t\u00fcm i\u015fletmeleri kapal\u0131 olacak. Al\u0131nan kararla i\u015fletmelerde g\u00f6revli personeller o g\u00fcn \u00e7al\u0131\u015fmayacak. Konuyla ilgili a\u00e7\u0131klama yapan Germencik Belediye Ba\u015fkan\u0131 Burak Zencirci \u2019emek \u00f6nceli\u011fi\u2019 vurgusu yaparak &#8220;Eme\u011fin ve al\u0131n terinin de\u011ferine dikkat&#8230;<\/p>\n","protected":false},"author":1,"featured_media":99735,"comment_status":"open","ping_status":"open","sticky":false,"template":"","format":"standard","meta":{"_crdt_document":"","footnotes":""},"categories":[1],"tags":[],"class_list":["post-99734","post","type-post","status-publish","format-standard","has-post-thumbnail","hentry","category-guncel"],"_links":{"self":[{"href":"https:\/\/www.egemtv.com\/index.php?rest_route=\/wp\/v2\/posts\/99734","targetHints":{"allow":["GET"]}}],"collection":[{"href":"https:\/\/www.egemtv.com\/index.php?rest_route=\/wp\/v2\/posts"}],"about":[{"href":"https:\/\/www.egemtv.com\/index.php?rest_route=\/wp\/v2\/types\/post"}],"author":[{"embeddable":true,"href":"https:\/\/www.egemtv.com\/index.php?rest_route=\/wp\/v2\/users\/1"}],"replies":[{"embeddable":true,"href":"https:\/\/www.egemtv.com\/index.php?rest_route=%2Fwp%2Fv2%2Fcomments&post=99734"}],"version-history":[{"count":1,"href":"https:\/\/www.egemtv.com\/index.php?rest_route=\/wp\/v2\/posts\/99734\/revisions"}],"predecessor-version":[{"id":99736,"href":"https:\/\/www.egemtv.com\/index.php?rest_route=\/wp\/v2\/posts\/99734\/revisions\/99736"}],"wp:featuredmedia":[{"embeddable":true,"href":"https:\/\/www.egemtv.com\/index.php?rest_route=\/wp\/v2\/media\/99735"}],"wp:attachment":[{"href":"https:\/\/www.egemtv.com\/index.php?rest_route=%2Fwp%2Fv2%2Fmedia&parent=99734"}],"wp:term":[{"taxonomy":"category","embeddable":true,"href":"https:\/\/www.egemtv.com\/index.php?rest_route=%2Fwp%2Fv2%2Fcategories&post=99734"},{"taxonomy":"post_tag","embeddable":true,"href":"https:\/\/www.egemtv.com\/index.php?rest_route=%2Fwp%2Fv2%2Ftags&post=99734"}],"curies":[{"name":"wp","href":"https:\/\/api.w.org\/{rel}","templated":true}]}}