{"id":99728,"date":"2026-04-30T19:45:29","date_gmt":"2026-04-30T16:45:29","guid":{"rendered":"https:\/\/www.egemtv.com\/?p=99728"},"modified":"2026-04-30T19:45:31","modified_gmt":"2026-04-30T16:45:31","slug":"mentesede-mahalle-afet-gonullulugu-icin-kayitlar-basladi","status":"publish","type":"post","link":"https:\/\/www.egemtv.com\/?p=99728","title":{"rendered":"Mente\u015fe\u2019de Mahalle Afet G\u00f6n\u00fcll\u00fcl\u00fc\u011f\u00fc i\u00e7in kay\u0131tlar ba\u015flad\u0131"},"content":{"rendered":"<p>Mente\u015fe Belediyesi ve Mu\u011fla MAG-AMEDER (Mahalle Afet G\u00f6n\u00fcll\u00fcleri Acil M\u00fcdahale Derne\u011fi) i\u015f birli\u011fiyle &#8220;Afetlere kar\u015f\u0131 daha diren\u00e7li bir Mente\u015fe i\u00e7in sen de MAG ol!&#8221; slogan\u0131yla d\u00fczenlenecek &#8220;Mahalle Afet G\u00f6n\u00fcll\u00fcs\u00fc&#8221; e\u011fitimleri ba\u015fl\u0131yor.<br \/>\n<br \/>Kontenjan\u0131n 50 ki\u015fi ile s\u0131n\u0131rl\u0131 oldu\u011fu e\u011fitime kat\u0131lmak isteyen vatanda\u015flar, 9 May\u0131s\u2019a kadar Mente\u015fe Belediyesi web sitesinde yer alan QR kod arac\u0131l\u0131\u011f\u0131yla kay\u0131t formunu doldurabilecek. Kay\u0131tlar\u0131n ard\u0131ndan 11-17 May\u0131s tarihleri aras\u0131nda verilecek e\u011fitimleri ba\u015far\u0131yla tamamlayan kat\u0131l\u0131mc\u0131lar &#8220;Mahalle Afet G\u00f6n\u00fcll\u00fcs\u00fc&#8221; (MAG) unvan\u0131n\u0131 alacak.<br \/>\n<br \/>Ba\u015fkan K\u00f6ksal Aras, &#8220;Amac\u0131m\u0131z afetlere kar\u015f\u0131 bilin\u00e7li ve organize bir g\u00f6n\u00fcll\u00fc yap\u0131s\u0131 olu\u015fturmak&#8221;<br \/>\n<br \/>Mente\u015fe Belediye Ba\u015fkan\u0131 Gonca K\u00f6ksal Aras, projeyi afete haz\u0131rl\u0131kl\u0131 bir toplum olu\u015fturma hedefiyle hayata ge\u00e7irdiklerini ifade ederek \u015funlar\u0131 s\u00f6yledi:<br \/>\n<br \/>&#8220;B\u00f6lgemizde ya\u015fanan depremler, orman yang\u0131nlar\u0131 gibi afetler, haz\u0131rl\u0131kl\u0131 olman\u0131n ne kadar hayati oldu\u011funu bizlere defalarca g\u00f6sterdi. Bu nedenle gerekli ad\u0131mlar\u0131 atarak \u2019Mahalle Afet G\u00f6n\u00fcll\u00fcs\u00fc\u2019 \u00e7al\u0131\u015fmalar\u0131m\u0131za ge\u00e7ti\u011fimiz y\u0131l ba\u015flam\u0131\u015ft\u0131k. E\u011fitimlerini tamamlayan g\u00f6n\u00fcll\u00fclerimiz mahalle afet g\u00f6n\u00fcll\u00fcs\u00fc olmu\u015ftu. Bu y\u0131l da ayn\u0131 \u00e7al\u0131\u015fmaya devam ediyoruz. Amac\u0131m\u0131z, Mente\u015fe\u2019de her mahallede afetlere kar\u015f\u0131 bilin\u00e7li ve organize bir g\u00f6n\u00fcll\u00fc yap\u0131s\u0131 olu\u015fturmak. Belediyemiz ve Mu\u011fla MAG &#8211; AMEDER i\u015f birli\u011fiyle ger\u00e7ekle\u015ftirilecek teorik ve uygulamal\u0131 e\u011fitimler sayesinde g\u00f6n\u00fcll\u00fclerimiz; afet fark\u0131ndal\u0131\u011f\u0131, ilk yard\u0131m ve yang\u0131n s\u00f6nd\u00fcrme gibi konularda bilgi sahibi olacak. E\u011fitimlerini ba\u015far\u0131yla tamamlayan g\u00f6n\u00fcll\u00fcler, afet an\u0131nda mahallelerinde destek sa\u011flamak i\u00e7in donan\u0131ml\u0131 hale gelecek. B\u00f6ylece mahalle sakinlerimiz kendilerini, ailelerini ve kom\u015fular\u0131n\u0131 koruyabilecek bilgi ve yetkinli\u011fe sahip olacak. E\u011fitime kat\u0131lacak t\u00fcm g\u00f6n\u00fcll\u00fclerimize \u015fimdiden te\u015fekk\u00fcr ediyorum. Afetlere kar\u015f\u0131 daha diren\u00e7li ve g\u00fc\u00e7l\u00fc bir Mente\u015fe i\u00e7in hep birlikte \u00e7al\u0131\u015f\u0131yoruz&#8221;<br \/><\/p>\n","protected":false},"excerpt":{"rendered":"<p>Mente\u015fe Belediyesi ve Mu\u011fla MAG-AMEDER (Mahalle Afet G\u00f6n\u00fcll\u00fcleri Acil M\u00fcdahale Derne\u011fi) i\u015f birli\u011fiyle &#8220;Afetlere kar\u015f\u0131 daha diren\u00e7li bir Mente\u015fe i\u00e7in sen de MAG ol!&#8221; slogan\u0131yla d\u00fczenlenecek &#8220;Mahalle Afet G\u00f6n\u00fcll\u00fcs\u00fc&#8221; e\u011fitimleri ba\u015fl\u0131yor. Kontenjan\u0131n 50 ki\u015fi ile s\u0131n\u0131rl\u0131 oldu\u011fu e\u011fitime kat\u0131lmak isteyen vatanda\u015flar, 9 May\u0131s\u2019a kadar Mente\u015fe Belediyesi web sitesinde yer alan QR kod arac\u0131l\u0131\u011f\u0131yla kay\u0131t formunu&#8230;<\/p>\n","protected":false},"author":1,"featured_media":99729,"comment_status":"open","ping_status":"open","sticky":false,"template":"","format":"standard","meta":{"_crdt_document":"","footnotes":""},"categories":[5],"tags":[],"class_list":["post-99728","post","type-post","status-publish","format-standard","has-post-thumbnail","hentry","category-asayis"],"_links":{"self":[{"href":"https:\/\/www.egemtv.com\/index.php?rest_route=\/wp\/v2\/posts\/99728","targetHints":{"allow":["GET"]}}],"collection":[{"href":"https:\/\/www.egemtv.com\/index.php?rest_route=\/wp\/v2\/posts"}],"about":[{"href":"https:\/\/www.egemtv.com\/index.php?rest_route=\/wp\/v2\/types\/post"}],"author":[{"embeddable":true,"href":"https:\/\/www.egemtv.com\/index.php?rest_route=\/wp\/v2\/users\/1"}],"replies":[{"embeddable":true,"href":"https:\/\/www.egemtv.com\/index.php?rest_route=%2Fwp%2Fv2%2Fcomments&post=99728"}],"version-history":[{"count":1,"href":"https:\/\/www.egemtv.com\/index.php?rest_route=\/wp\/v2\/posts\/99728\/revisions"}],"predecessor-version":[{"id":99730,"href":"https:\/\/www.egemtv.com\/index.php?rest_route=\/wp\/v2\/posts\/99728\/revisions\/99730"}],"wp:featuredmedia":[{"embeddable":true,"href":"https:\/\/www.egemtv.com\/index.php?rest_route=\/wp\/v2\/media\/99729"}],"wp:attachment":[{"href":"https:\/\/www.egemtv.com\/index.php?rest_route=%2Fwp%2Fv2%2Fmedia&parent=99728"}],"wp:term":[{"taxonomy":"category","embeddable":true,"href":"https:\/\/www.egemtv.com\/index.php?rest_route=%2Fwp%2Fv2%2Fcategories&post=99728"},{"taxonomy":"post_tag","embeddable":true,"href":"https:\/\/www.egemtv.com\/index.php?rest_route=%2Fwp%2Fv2%2Ftags&post=99728"}],"curies":[{"name":"wp","href":"https:\/\/api.w.org\/{rel}","templated":true}]}}