{"id":99725,"date":"2026-04-30T19:10:54","date_gmt":"2026-04-30T16:10:54","guid":{"rendered":"https:\/\/www.egemtv.com\/?p=99725"},"modified":"2026-04-30T19:10:55","modified_gmt":"2026-04-30T16:10:55","slug":"baskan-koksal-arastan-1-mayis-emek-ve-dayanisma-gunu-mesaji","status":"publish","type":"post","link":"https:\/\/www.egemtv.com\/?p=99725","title":{"rendered":"Ba\u015fkan K\u00f6ksal Aras\u2019tan 1 May\u0131s Emek ve Dayan\u0131\u015fma G\u00fcn\u00fc mesaj\u0131"},"content":{"rendered":"<p>Mente\u015fe Belediye Ba\u015fkan\u0131 Gonca K\u00f6ksal Aras, &#8220;1 May\u0131s Emek ve Dayan\u0131\u015fma G\u00fcn\u00fc&#8221; nedeniyle bir mesaj yay\u0131mlad\u0131.<br \/>\n<br \/>Mesaj\u0131nda 1 May\u0131s\u2019\u0131n, i\u015f\u00e7i ve emek\u00e7ilerin hak aray\u0131\u015f\u0131n\u0131n, toplumsal dayan\u0131\u015fman\u0131n, demokrasinin ve adaletin evrensel sembol\u00fc oldu\u011funu vurgulayan Ba\u015fkan K\u00f6ksal Aras, Mente\u015fe Belediyesi olarak \u00e7al\u0131\u015fanlar\u0131n eme\u011fiyle Mente\u015fe\u2019ye nitelikli hizmet sunmak i\u00e7in \u00e7al\u0131\u015ft\u0131klar\u0131n\u0131 belirtti.<br \/>\n<br \/>Toplumsal ya\u015fama \u00fcreterek ve eme\u011fiyle katk\u0131 sa\u011flayan t\u00fcm \u00e7al\u0131\u015fanlar\u0131n 1 May\u0131s Emek ve Dayan\u0131\u015fma G\u00fcn\u00fc\u2019n\u00fc kutlayan Ba\u015fkan K\u00f6ksal Aras \u015funlar\u0131 s\u00f6yledi:<br \/>\n<br \/>&#8220;Emek s\u00f6m\u00fcr\u00fcs\u00fcn\u00fcn, e\u015fitsizli\u011fin ve adaletsizli\u011fin son buldu\u011fu; i\u015f\u00e7i haklar\u0131n\u0131n yasal zeminlerde tam olarak korundu\u011fu ve herkesin insanca ya\u015fama standartlar\u0131na eri\u015fti\u011fi bir sistemin in\u015fa edilmesi temel gerekliliktir. Bu bilin\u00e7le emek veren, eme\u011fe sayg\u0131 g\u00f6steren, adil bir \u00e7al\u0131\u015fma d\u00fczeni i\u00e7in \u00e7abalayan herkesin 1 May\u0131s Emek ve Dayan\u0131\u015fma G\u00fcn\u00fc\u2019n\u00fc kutluyorum&#8221;<br \/><\/p>\n","protected":false},"excerpt":{"rendered":"<p>Mente\u015fe Belediye Ba\u015fkan\u0131 Gonca K\u00f6ksal Aras, &#8220;1 May\u0131s Emek ve Dayan\u0131\u015fma G\u00fcn\u00fc&#8221; nedeniyle bir mesaj yay\u0131mlad\u0131. Mesaj\u0131nda 1 May\u0131s\u2019\u0131n, i\u015f\u00e7i ve emek\u00e7ilerin hak aray\u0131\u015f\u0131n\u0131n, toplumsal dayan\u0131\u015fman\u0131n, demokrasinin ve adaletin evrensel sembol\u00fc oldu\u011funu vurgulayan Ba\u015fkan K\u00f6ksal Aras, Mente\u015fe Belediyesi olarak \u00e7al\u0131\u015fanlar\u0131n eme\u011fiyle Mente\u015fe\u2019ye nitelikli hizmet sunmak i\u00e7in \u00e7al\u0131\u015ft\u0131klar\u0131n\u0131 belirtti. Toplumsal ya\u015fama \u00fcreterek ve eme\u011fiyle katk\u0131 sa\u011flayan&#8230;<\/p>\n","protected":false},"author":1,"featured_media":99726,"comment_status":"open","ping_status":"open","sticky":false,"template":"","format":"standard","meta":{"_crdt_document":"","footnotes":""},"categories":[127],"tags":[],"class_list":["post-99725","post","type-post","status-publish","format-standard","has-post-thumbnail","hentry","category-siyaset"],"_links":{"self":[{"href":"https:\/\/www.egemtv.com\/index.php?rest_route=\/wp\/v2\/posts\/99725","targetHints":{"allow":["GET"]}}],"collection":[{"href":"https:\/\/www.egemtv.com\/index.php?rest_route=\/wp\/v2\/posts"}],"about":[{"href":"https:\/\/www.egemtv.com\/index.php?rest_route=\/wp\/v2\/types\/post"}],"author":[{"embeddable":true,"href":"https:\/\/www.egemtv.com\/index.php?rest_route=\/wp\/v2\/users\/1"}],"replies":[{"embeddable":true,"href":"https:\/\/www.egemtv.com\/index.php?rest_route=%2Fwp%2Fv2%2Fcomments&post=99725"}],"version-history":[{"count":1,"href":"https:\/\/www.egemtv.com\/index.php?rest_route=\/wp\/v2\/posts\/99725\/revisions"}],"predecessor-version":[{"id":99727,"href":"https:\/\/www.egemtv.com\/index.php?rest_route=\/wp\/v2\/posts\/99725\/revisions\/99727"}],"wp:featuredmedia":[{"embeddable":true,"href":"https:\/\/www.egemtv.com\/index.php?rest_route=\/wp\/v2\/media\/99726"}],"wp:attachment":[{"href":"https:\/\/www.egemtv.com\/index.php?rest_route=%2Fwp%2Fv2%2Fmedia&parent=99725"}],"wp:term":[{"taxonomy":"category","embeddable":true,"href":"https:\/\/www.egemtv.com\/index.php?rest_route=%2Fwp%2Fv2%2Fcategories&post=99725"},{"taxonomy":"post_tag","embeddable":true,"href":"https:\/\/www.egemtv.com\/index.php?rest_route=%2Fwp%2Fv2%2Ftags&post=99725"}],"curies":[{"name":"wp","href":"https:\/\/api.w.org\/{rel}","templated":true}]}}