{"id":99722,"date":"2026-04-30T19:10:52","date_gmt":"2026-04-30T16:10:52","guid":{"rendered":"https:\/\/www.egemtv.com\/?p=99722"},"modified":"2026-04-30T19:10:54","modified_gmt":"2026-04-30T16:10:54","slug":"mentesede-araclar-birbirine-girdi-2-yarali","status":"publish","type":"post","link":"https:\/\/www.egemtv.com\/?p=99722","title":{"rendered":"Mente\u015fe\u2019de ara\u00e7lar birbirine girdi: 2 yaral\u0131"},"content":{"rendered":"<p>Mu\u011fla\u2019n\u0131n Mente\u015fe il\u00e7esinde meydana gelen trafik kazas\u0131nda motosikletin otomobile arkadan \u00e7arpmas\u0131 sonucu zincirleme kaza ya\u015fand\u0131. Kazada motosiklet s\u00fcr\u00fcc\u00fcs\u00fc ile otomobilde bulunan bir \u00e7ocuk yaraland\u0131.<br \/>\n<br \/>Kaza, Mente\u015fe il\u00e7esi R\u0131fat Ayayd\u0131n Caddesi \u00fczerinde meydana geldi. Edinilen bilgilere g\u00f6re, 48 ANL 405 plakal\u0131 motosiklet, seyir halindeki 48 AE 060 plakal\u0131 otomobile arkadan \u00e7arpt\u0131. \u0130ddiaya g\u00f6re motosiklet s\u00fcr\u00fcc\u00fcs\u00fc, sokaktan \u00e7\u0131kan otomobili fark edemedi ve arac\u0131n k\u00f6r noktas\u0131nda kald\u0131.<br \/>\n<br \/>\u00c7arpman\u0131n etkisiyle kontrol\u00fcn\u00fc kaybeden otomobil s\u00fcr\u00fcc\u00fcs\u00fc, direksiyon hakimiyetini kaybederek, yol kenar\u0131nda park halinde bulunan iki araca daha \u00e7arpt\u0131. Kazada motosiklet s\u00fcr\u00fcc\u00fcs\u00fc yaralan\u0131rken, otomobilde bulunan bir \u00e7ocuk da \u00e7arpman\u0131n etkisiyle yaraland\u0131.<br \/>\n<br \/>\u0130hbar \u00fczerine olay yerine sa\u011fl\u0131k ve polis ekipleri sevk edildi. Yaral\u0131lar, ilk m\u00fcdahalenin ard\u0131ndan hastaneye kald\u0131r\u0131ld\u0131. Polis ekipleri kazayla ilgili inceleme ba\u015flatt\u0131.<br \/><\/p>\n","protected":false},"excerpt":{"rendered":"<p>Mu\u011fla\u2019n\u0131n Mente\u015fe il\u00e7esinde meydana gelen trafik kazas\u0131nda motosikletin otomobile arkadan \u00e7arpmas\u0131 sonucu zincirleme kaza ya\u015fand\u0131. Kazada motosiklet s\u00fcr\u00fcc\u00fcs\u00fc ile otomobilde bulunan bir \u00e7ocuk yaraland\u0131. Kaza, Mente\u015fe il\u00e7esi R\u0131fat Ayayd\u0131n Caddesi \u00fczerinde meydana geldi. Edinilen bilgilere g\u00f6re, 48 ANL 405 plakal\u0131 motosiklet, seyir halindeki 48 AE 060 plakal\u0131 otomobile arkadan \u00e7arpt\u0131. \u0130ddiaya g\u00f6re motosiklet s\u00fcr\u00fcc\u00fcs\u00fc, sokaktan&#8230;<\/p>\n","protected":false},"author":1,"featured_media":99723,"comment_status":"open","ping_status":"open","sticky":false,"template":"","format":"standard","meta":{"_crdt_document":"","footnotes":""},"categories":[5],"tags":[],"class_list":["post-99722","post","type-post","status-publish","format-standard","has-post-thumbnail","hentry","category-asayis"],"_links":{"self":[{"href":"https:\/\/www.egemtv.com\/index.php?rest_route=\/wp\/v2\/posts\/99722","targetHints":{"allow":["GET"]}}],"collection":[{"href":"https:\/\/www.egemtv.com\/index.php?rest_route=\/wp\/v2\/posts"}],"about":[{"href":"https:\/\/www.egemtv.com\/index.php?rest_route=\/wp\/v2\/types\/post"}],"author":[{"embeddable":true,"href":"https:\/\/www.egemtv.com\/index.php?rest_route=\/wp\/v2\/users\/1"}],"replies":[{"embeddable":true,"href":"https:\/\/www.egemtv.com\/index.php?rest_route=%2Fwp%2Fv2%2Fcomments&post=99722"}],"version-history":[{"count":1,"href":"https:\/\/www.egemtv.com\/index.php?rest_route=\/wp\/v2\/posts\/99722\/revisions"}],"predecessor-version":[{"id":99724,"href":"https:\/\/www.egemtv.com\/index.php?rest_route=\/wp\/v2\/posts\/99722\/revisions\/99724"}],"wp:featuredmedia":[{"embeddable":true,"href":"https:\/\/www.egemtv.com\/index.php?rest_route=\/wp\/v2\/media\/99723"}],"wp:attachment":[{"href":"https:\/\/www.egemtv.com\/index.php?rest_route=%2Fwp%2Fv2%2Fmedia&parent=99722"}],"wp:term":[{"taxonomy":"category","embeddable":true,"href":"https:\/\/www.egemtv.com\/index.php?rest_route=%2Fwp%2Fv2%2Fcategories&post=99722"},{"taxonomy":"post_tag","embeddable":true,"href":"https:\/\/www.egemtv.com\/index.php?rest_route=%2Fwp%2Fv2%2Ftags&post=99722"}],"curies":[{"name":"wp","href":"https:\/\/api.w.org\/{rel}","templated":true}]}}