{"id":99719,"date":"2026-04-30T19:10:50","date_gmt":"2026-04-30T16:10:50","guid":{"rendered":"https:\/\/www.egemtv.com\/?p=99719"},"modified":"2026-04-30T19:10:52","modified_gmt":"2026-04-30T16:10:52","slug":"usakta-gercegi-aratmayan-deprem-tatbikati-gerceklestirildi","status":"publish","type":"post","link":"https:\/\/www.egemtv.com\/?p=99719","title":{"rendered":"U\u015fak\u2019ta ger\u00e7e\u011fi aratmayan deprem tatbikat\u0131 ger\u00e7ekle\u015ftirildi"},"content":{"rendered":"<p>U\u015fak\u2019ta \u0130l Afet ve Acil Durum M\u00fcd\u00fcrl\u00fc\u011f\u00fc koordinesinde, AFAD, UMKE, jandarma, itfaiye ve g\u00f6n\u00fcll\u00fc arama kurtarma ekiplerinin kat\u0131l\u0131m\u0131yla ger\u00e7e\u011fi aratmayan kapsaml\u0131 bir deprem tatbikat\u0131 ger\u00e7ekle\u015ftirildi.<\/p>\n<p>U\u015fak\u2019ta \u0130l Afet ve Acil Durum M\u00fcd\u00fcrl\u00fc\u011f\u00fc koordinesinde ger\u00e7ekle\u015ftirilen tatbikat gere\u011fi U\u015fak merkeze ba\u011fl\u0131 \u0130lyasl\u0131 k\u00f6y\u00fcnde 5.5 b\u00fcy\u00fckl\u00fc\u011f\u00fcnde deprem meydana geldi. Depremin ard\u0131ndan Atat\u00fcrk, Cumhuriyet ve Karaa\u011fa\u00e7 mahallelerinden y\u0131k\u0131m ihbarlar\u0131 yap\u0131l\u0131rken, Karma Organize Sanayi B\u00f6lgesi\u2019nde bulunan bir geri d\u00f6n\u00fc\u015f\u00fcm fabrikas\u0131nda ve Tekstil Organize Sanayi B\u00f6lgesi\u2019ndeki bir fabrikada yang\u0131n \u00e7\u0131kt\u0131\u011f\u0131 bilgisi ekiplerle payla\u015f\u0131ld\u0131.<br \/>\n<br \/>\u0130hbarlar\u0131n al\u0131nmas\u0131n\u0131n ard\u0131ndan ekipler h\u0131zla b\u00f6lgelere sevk edilerek arama kurtarma ve yang\u0131n s\u00f6nd\u00fcrme \u00e7al\u0131\u015fmalar\u0131na ba\u015flad\u0131. Enkaz alt\u0131nda kalan vatanda\u015flar titizlikle \u00e7\u0131kar\u0131larak sa\u011fl\u0131k ekiplerine teslim edildi, yaral\u0131lar ambulanslarla hastanelere sevk edildi.<\/p>\n<p>Tahliye edilen vatanda\u015flar\u0131n bar\u0131nma ihtiyac\u0131n\u0131 kar\u015f\u0131lamak amac\u0131yla \u00e7ad\u0131r kent kuruldu. Bunun yan\u0131 s\u0131ra sahra hastanesi olu\u015fturularak sa\u011fl\u0131k hizmetlerinin kesintisiz \u015fekilde s\u00fcrd\u00fcr\u00fclebilmesi hedeflendi.<br \/>\n<br \/>Ger\u00e7ek olaylar\u0131 aratmayan tatbikatta AFAD, UMKE, jandarma, itfaiye ve g\u00f6n\u00fcll\u00fc arama kurtarma ekipleri koordineli \u015fekilde g\u00f6rev ald\u0131.<\/p>\n<p>Tatbikat\u0131n ard\u0131ndan a\u00e7\u0131klamalarda bulunan AFAD \u0130l M\u00fcd\u00fcr\u00fc Yasemin Bebek, &#8220;Afetlerde m\u00fcmk\u00fcn oldu\u011fu kadar haz\u0131rl\u0131kl\u0131 olmak. Eksikliklerimiz varsa e\u011fer, bu eksikliklerimizi tatbikatlarla tespit edip gidermek. Bizim bunun haricinde U\u015fak ilimiz birinci derecede deprem b\u00f6lgesi de\u011fil. \u00c7ok ciddi manada bir tehlike arz etmiyor. Fakat il olarak ya\u015fanabilecek Marmara Depremi kapsam\u0131nda K\u00fc\u00e7\u00fck\u00e7ekmece il\u00e7emizde g\u00f6revlendirilmi\u015f bulunmaktay\u0131z. Ya\u015fanabilecek Marmara depreme ilin t\u00fcm imkanlar\u0131yla K\u00fc\u00e7\u00fck\u00e7ekmece il\u00e7esinde hem m\u00fcdahale hem iyile\u015ftirme \u00e7al\u0131\u015fmalar\u0131nda g\u00f6rev alaca\u011f\u0131z. Amac\u0131m\u0131z bunlara haz\u0131rl\u0131kl\u0131 olmak&#8221; dedi.<br \/><\/p>\n","protected":false},"excerpt":{"rendered":"<p>U\u015fak\u2019ta \u0130l Afet ve Acil Durum M\u00fcd\u00fcrl\u00fc\u011f\u00fc koordinesinde, AFAD, UMKE, jandarma, itfaiye ve g\u00f6n\u00fcll\u00fc arama kurtarma ekiplerinin kat\u0131l\u0131m\u0131yla ger\u00e7e\u011fi aratmayan kapsaml\u0131 bir deprem tatbikat\u0131 ger\u00e7ekle\u015ftirildi. U\u015fak\u2019ta \u0130l Afet ve Acil Durum M\u00fcd\u00fcrl\u00fc\u011f\u00fc koordinesinde ger\u00e7ekle\u015ftirilen tatbikat gere\u011fi U\u015fak merkeze ba\u011fl\u0131 \u0130lyasl\u0131 k\u00f6y\u00fcnde 5.5 b\u00fcy\u00fckl\u00fc\u011f\u00fcnde deprem meydana geldi. Depremin ard\u0131ndan Atat\u00fcrk, Cumhuriyet ve Karaa\u011fa\u00e7 mahallelerinden y\u0131k\u0131m ihbarlar\u0131&#8230;<\/p>\n","protected":false},"author":1,"featured_media":99720,"comment_status":"open","ping_status":"open","sticky":false,"template":"","format":"standard","meta":{"_crdt_document":"","footnotes":""},"categories":[5],"tags":[],"class_list":["post-99719","post","type-post","status-publish","format-standard","has-post-thumbnail","hentry","category-asayis"],"_links":{"self":[{"href":"https:\/\/www.egemtv.com\/index.php?rest_route=\/wp\/v2\/posts\/99719","targetHints":{"allow":["GET"]}}],"collection":[{"href":"https:\/\/www.egemtv.com\/index.php?rest_route=\/wp\/v2\/posts"}],"about":[{"href":"https:\/\/www.egemtv.com\/index.php?rest_route=\/wp\/v2\/types\/post"}],"author":[{"embeddable":true,"href":"https:\/\/www.egemtv.com\/index.php?rest_route=\/wp\/v2\/users\/1"}],"replies":[{"embeddable":true,"href":"https:\/\/www.egemtv.com\/index.php?rest_route=%2Fwp%2Fv2%2Fcomments&post=99719"}],"version-history":[{"count":1,"href":"https:\/\/www.egemtv.com\/index.php?rest_route=\/wp\/v2\/posts\/99719\/revisions"}],"predecessor-version":[{"id":99721,"href":"https:\/\/www.egemtv.com\/index.php?rest_route=\/wp\/v2\/posts\/99719\/revisions\/99721"}],"wp:featuredmedia":[{"embeddable":true,"href":"https:\/\/www.egemtv.com\/index.php?rest_route=\/wp\/v2\/media\/99720"}],"wp:attachment":[{"href":"https:\/\/www.egemtv.com\/index.php?rest_route=%2Fwp%2Fv2%2Fmedia&parent=99719"}],"wp:term":[{"taxonomy":"category","embeddable":true,"href":"https:\/\/www.egemtv.com\/index.php?rest_route=%2Fwp%2Fv2%2Fcategories&post=99719"},{"taxonomy":"post_tag","embeddable":true,"href":"https:\/\/www.egemtv.com\/index.php?rest_route=%2Fwp%2Fv2%2Ftags&post=99719"}],"curies":[{"name":"wp","href":"https:\/\/api.w.org\/{rel}","templated":true}]}}