{"id":99716,"date":"2026-04-30T18:35:50","date_gmt":"2026-04-30T15:35:50","guid":{"rendered":"https:\/\/www.egemtv.com\/?p=99716"},"modified":"2026-04-30T18:35:51","modified_gmt":"2026-04-30T15:35:51","slug":"baskan-kepenek-emegin-hakkini-savunmaya-devam-edecegiz","status":"publish","type":"post","link":"https:\/\/www.egemtv.com\/?p=99716","title":{"rendered":"Ba\u015fkan Kepenek; &#8220;Eme\u011fin hakk\u0131n\u0131 savunmaya devam edece\u011fiz&#8221;"},"content":{"rendered":"<p>Honaz Belediye Ba\u015fkan\u0131 Y\u00fcksel Kepenek, 1 May\u0131s Emek ve Dayan\u0131\u015fma G\u00fcn\u00fc dolay\u0131s\u0131yla yay\u0131mlad\u0131\u011f\u0131 mesajda, emek\u00e7ilerin ya\u015fad\u0131\u011f\u0131 ekonomik zorluklara dikkat \u00e7ekerek adalet ve e\u015fitlik vurgusu yapt\u0131.<\/p>\n<p>Ba\u015fkan Kepenek, eme\u011fin kar\u015f\u0131l\u0131\u011f\u0131n\u0131n her ge\u00e7en g\u00fcn daha fazla eridi\u011fini belirterek, &#8220;Al\u0131n teriyle ge\u00e7inen milyonlarca emek\u00e7i, a\u011f\u0131rla\u015fan hayat ko\u015fullar\u0131 alt\u0131nda ya\u015fam m\u00fccadelesi veriyor. Yoksulluk, g\u00fcvencesizlik ve gelir adaletsizli\u011fi art\u0131k g\u00f6rmezden gelinemeyecek boyutlara ula\u015fm\u0131\u015ft\u0131r&#8221; ifadelerini kulland\u0131.<\/p>\n<p>\u00c7al\u0131\u015fma hayat\u0131nda ya\u015fanan sorunlara de\u011finen Ba\u015fkan Kepenek, ta\u015feronla\u015fma, d\u00fc\u015f\u00fck \u00fccretler ve sosyal g\u00fcvenceden yoksun \u00e7al\u0131\u015fma ko\u015fullar\u0131n\u0131n emek\u00e7ilerin ya\u015fam kalitesini d\u00fc\u015f\u00fcrd\u00fc\u011f\u00fcn\u00fc s\u00f6yledi. Emek\u00e7ilerin insanca ya\u015fayabilece\u011fi bir d\u00fczenin kurulmas\u0131n\u0131n sosyal devletin en temel g\u00f6revi oldu\u011funu vurgulad\u0131. Yerel y\u00f6netimler olarak sosyal belediyecilik anlay\u0131\u015f\u0131yla hareket ettiklerini belirten Kepenek, &#8220;Bizler, halk\u00e7\u0131 belediyecilik anlay\u0131\u015f\u0131yla ihtiya\u00e7 sahibi vatanda\u015flar\u0131m\u0131z\u0131n yan\u0131nda olmaya, eme\u011fin de\u011ferini koruyan politikalar\u0131 hayata ge\u00e7irmeye devam ediyoruz&#8221; dedi. 1 May\u0131s\u2019\u0131n sadece bir bayram de\u011fil, ayn\u0131 zamanda dayan\u0131\u015fma ve hak arama g\u00fcn\u00fc oldu\u011funu ifade eden Kepenek, daha adil bir T\u00fcrkiye i\u00e7in m\u00fccadeleyi s\u00fcrd\u00fcreceklerini kaydetti.<br \/>\n<br \/>Ba\u015fkan Kepenek, t\u00fcm i\u015f\u00e7ilerin ve emek\u00e7ilerin 1 May\u0131s Emek ve Dayan\u0131\u015fma G\u00fcn\u00fc\u2019n\u00fc kutlayarak, e\u015fitlik, \u00f6zg\u00fcrl\u00fck ve adalet \u00e7a\u011fr\u0131s\u0131nda bulundu.<br \/><\/p>\n","protected":false},"excerpt":{"rendered":"<p>Honaz Belediye Ba\u015fkan\u0131 Y\u00fcksel Kepenek, 1 May\u0131s Emek ve Dayan\u0131\u015fma G\u00fcn\u00fc dolay\u0131s\u0131yla yay\u0131mlad\u0131\u011f\u0131 mesajda, emek\u00e7ilerin ya\u015fad\u0131\u011f\u0131 ekonomik zorluklara dikkat \u00e7ekerek adalet ve e\u015fitlik vurgusu yapt\u0131. Ba\u015fkan Kepenek, eme\u011fin kar\u015f\u0131l\u0131\u011f\u0131n\u0131n her ge\u00e7en g\u00fcn daha fazla eridi\u011fini belirterek, &#8220;Al\u0131n teriyle ge\u00e7inen milyonlarca emek\u00e7i, a\u011f\u0131rla\u015fan hayat ko\u015fullar\u0131 alt\u0131nda ya\u015fam m\u00fccadelesi veriyor. Yoksulluk, g\u00fcvencesizlik ve gelir adaletsizli\u011fi art\u0131k g\u00f6rmezden&#8230;<\/p>\n","protected":false},"author":1,"featured_media":99717,"comment_status":"open","ping_status":"open","sticky":false,"template":"","format":"standard","meta":{"_crdt_document":"","footnotes":""},"categories":[127],"tags":[],"class_list":["post-99716","post","type-post","status-publish","format-standard","has-post-thumbnail","hentry","category-siyaset"],"_links":{"self":[{"href":"https:\/\/www.egemtv.com\/index.php?rest_route=\/wp\/v2\/posts\/99716","targetHints":{"allow":["GET"]}}],"collection":[{"href":"https:\/\/www.egemtv.com\/index.php?rest_route=\/wp\/v2\/posts"}],"about":[{"href":"https:\/\/www.egemtv.com\/index.php?rest_route=\/wp\/v2\/types\/post"}],"author":[{"embeddable":true,"href":"https:\/\/www.egemtv.com\/index.php?rest_route=\/wp\/v2\/users\/1"}],"replies":[{"embeddable":true,"href":"https:\/\/www.egemtv.com\/index.php?rest_route=%2Fwp%2Fv2%2Fcomments&post=99716"}],"version-history":[{"count":1,"href":"https:\/\/www.egemtv.com\/index.php?rest_route=\/wp\/v2\/posts\/99716\/revisions"}],"predecessor-version":[{"id":99718,"href":"https:\/\/www.egemtv.com\/index.php?rest_route=\/wp\/v2\/posts\/99716\/revisions\/99718"}],"wp:featuredmedia":[{"embeddable":true,"href":"https:\/\/www.egemtv.com\/index.php?rest_route=\/wp\/v2\/media\/99717"}],"wp:attachment":[{"href":"https:\/\/www.egemtv.com\/index.php?rest_route=%2Fwp%2Fv2%2Fmedia&parent=99716"}],"wp:term":[{"taxonomy":"category","embeddable":true,"href":"https:\/\/www.egemtv.com\/index.php?rest_route=%2Fwp%2Fv2%2Fcategories&post=99716"},{"taxonomy":"post_tag","embeddable":true,"href":"https:\/\/www.egemtv.com\/index.php?rest_route=%2Fwp%2Fv2%2Ftags&post=99716"}],"curies":[{"name":"wp","href":"https:\/\/api.w.org\/{rel}","templated":true}]}}