{"id":99713,"date":"2026-04-30T18:00:41","date_gmt":"2026-04-30T15:00:41","guid":{"rendered":"https:\/\/www.egemtv.com\/?p=99713"},"modified":"2026-04-30T18:00:42","modified_gmt":"2026-04-30T15:00:42","slug":"izmirde-1i-polis-3-kisinin-hayatini-kaybettigi-kazada-lojistik-firmasinin-sahibi-gozaltina-alindi","status":"publish","type":"post","link":"https:\/\/www.egemtv.com\/?p=99713","title":{"rendered":"\u0130zmir\u2019de 1\u2019i polis 3 ki\u015finin hayat\u0131n\u0131 kaybetti\u011fi kazada lojistik firmas\u0131n\u0131n sahibi g\u00f6zalt\u0131na al\u0131nd\u0131"},"content":{"rendered":"<p>\u0130zmir\u2019in Bornova il\u00e7esinde t\u0131r\u0131n kar\u015f\u0131 \u015feride ge\u00e7erek aralar\u0131nda polis otosunun da bulundu\u011fu 10 araca \u00e7arpmas\u0131 sonucu 1\u2019i polis 3 ki\u015finin hayat\u0131n\u0131 kaybetti\u011fi kazayla ilgili, arac\u0131 i\u015fleten lojistik firmas\u0131n\u0131n yetkilisi g\u00f6zalt\u0131na al\u0131nd\u0131.<br \/>\n<br \/>Kaza, d\u00fcn saat 16.30 s\u0131ralar\u0131nda Evka-3 sapa\u011f\u0131 57. Top\u00e7u Tugay\u0131 \u00f6n\u00fcnde meydana geldi. Edinilen bilgiye g\u00f6re, 45 KB 8376 plakal\u0131 t\u0131r, s\u00fcr\u00fcc\u00fcs\u00fcn\u00fcn direksiyon hakimiyetini kaybetmesi sonucu kontrolden \u00e7\u0131karak kar\u015f\u0131 \u015feride ge\u00e7ti. T\u0131r, aralar\u0131nda bir polis ekip arac\u0131n\u0131n da bulundu\u011fu toplam 10 araca \u00e7arparak durabildi. Kazada, polis ekip arac\u0131nda g\u00f6revli polis memuru Serkan H\u0131zl\u0131 (34) \u015fehit olurken, kazaya kar\u0131\u015fan t\u0131r \u015fof\u00f6r\u00fc ve bir motosiklet s\u00fcr\u00fcc\u00fcs\u00fc daha olay yerinde hayat\u0131n\u0131 kaybetti. Yaralanan di\u011fer 4 ki\u015finin hastanedeki tedavileri devam ediyor.<br \/>\n<br \/>Olay\u0131n ard\u0131ndan ba\u015flat\u0131lan geni\u015f \u00e7apl\u0131 soru\u015fturma kapsam\u0131nda, t\u0131r\u0131 i\u015fleten lojistik firmas\u0131n\u0131n sahibi R.A. polis ekipleri taraf\u0131ndan g\u00f6zalt\u0131na al\u0131nd\u0131. \u015e\u00fcpheli R.A. hakk\u0131nda ba\u015flat\u0131lan adli i\u015flemlerin s\u00fcrd\u00fc\u011f\u00fc \u00f6\u011frenildi.<br \/><\/p>\n","protected":false},"excerpt":{"rendered":"<p>\u0130zmir\u2019in Bornova il\u00e7esinde t\u0131r\u0131n kar\u015f\u0131 \u015feride ge\u00e7erek aralar\u0131nda polis otosunun da bulundu\u011fu 10 araca \u00e7arpmas\u0131 sonucu 1\u2019i polis 3 ki\u015finin hayat\u0131n\u0131 kaybetti\u011fi kazayla ilgili, arac\u0131 i\u015fleten lojistik firmas\u0131n\u0131n yetkilisi g\u00f6zalt\u0131na al\u0131nd\u0131. Kaza, d\u00fcn saat 16.30 s\u0131ralar\u0131nda Evka-3 sapa\u011f\u0131 57. Top\u00e7u Tugay\u0131 \u00f6n\u00fcnde meydana geldi. Edinilen bilgiye g\u00f6re, 45 KB 8376 plakal\u0131 t\u0131r, s\u00fcr\u00fcc\u00fcs\u00fcn\u00fcn direksiyon hakimiyetini&#8230;<\/p>\n","protected":false},"author":1,"featured_media":99714,"comment_status":"open","ping_status":"open","sticky":false,"template":"","format":"standard","meta":{"_crdt_document":"","footnotes":""},"categories":[5],"tags":[],"class_list":["post-99713","post","type-post","status-publish","format-standard","has-post-thumbnail","hentry","category-asayis"],"_links":{"self":[{"href":"https:\/\/www.egemtv.com\/index.php?rest_route=\/wp\/v2\/posts\/99713","targetHints":{"allow":["GET"]}}],"collection":[{"href":"https:\/\/www.egemtv.com\/index.php?rest_route=\/wp\/v2\/posts"}],"about":[{"href":"https:\/\/www.egemtv.com\/index.php?rest_route=\/wp\/v2\/types\/post"}],"author":[{"embeddable":true,"href":"https:\/\/www.egemtv.com\/index.php?rest_route=\/wp\/v2\/users\/1"}],"replies":[{"embeddable":true,"href":"https:\/\/www.egemtv.com\/index.php?rest_route=%2Fwp%2Fv2%2Fcomments&post=99713"}],"version-history":[{"count":1,"href":"https:\/\/www.egemtv.com\/index.php?rest_route=\/wp\/v2\/posts\/99713\/revisions"}],"predecessor-version":[{"id":99715,"href":"https:\/\/www.egemtv.com\/index.php?rest_route=\/wp\/v2\/posts\/99713\/revisions\/99715"}],"wp:featuredmedia":[{"embeddable":true,"href":"https:\/\/www.egemtv.com\/index.php?rest_route=\/wp\/v2\/media\/99714"}],"wp:attachment":[{"href":"https:\/\/www.egemtv.com\/index.php?rest_route=%2Fwp%2Fv2%2Fmedia&parent=99713"}],"wp:term":[{"taxonomy":"category","embeddable":true,"href":"https:\/\/www.egemtv.com\/index.php?rest_route=%2Fwp%2Fv2%2Fcategories&post=99713"},{"taxonomy":"post_tag","embeddable":true,"href":"https:\/\/www.egemtv.com\/index.php?rest_route=%2Fwp%2Fv2%2Ftags&post=99713"}],"curies":[{"name":"wp","href":"https:\/\/api.w.org\/{rel}","templated":true}]}}