{"id":99710,"date":"2026-04-30T18:00:40","date_gmt":"2026-04-30T15:00:40","guid":{"rendered":"https:\/\/www.egemtv.com\/?p=99710"},"modified":"2026-04-30T18:00:41","modified_gmt":"2026-04-30T15:00:41","slug":"aydindaki-kanli-kavganin-suphelileri-polise-teslim-oldu","status":"publish","type":"post","link":"https:\/\/www.egemtv.com\/?p=99710","title":{"rendered":"Ayd\u0131n\u2019daki \u2019kanl\u0131\u2019 kavgan\u0131n \u015f\u00fcphelileri polise teslim oldu"},"content":{"rendered":"<p>Ayd\u0131n\u2019\u0131n Efeler il\u00e7esinde meydana gelen ve bir ki\u015finin hayat\u0131n\u0131 kaybetti\u011fi silahl\u0131 kavga olay\u0131n\u0131n \u015f\u00fcphelileri polise teslim oldu.<br \/>\n<br \/>Olay, d\u00fcn gece Mu\u011fla Bulvar\u0131 \u00fczerinde meydana geldi. Edinilen bilgiye g\u00f6re, sokak \u00fczerinde iki grup aras\u0131nda hen\u00fcz bilinmeyen bir nedenle tart\u0131\u015fma \u00e7\u0131kt\u0131. Tart\u0131\u015fman\u0131n kavgaya d\u00f6n\u00fc\u015fmesi \u00fczerine ya\u015fanan arbedede ate\u015flenen silahtan \u00e7\u0131kan kur\u015funlar\u0131n hedefi olan \u00d6mer \u0130ncekaya olay yerinde hayat\u0131n\u0131 kaybetti. Yap\u0131lan ihbar \u00fczerine b\u00f6lgeye polis ve sa\u011fl\u0131k ekipleri sevk edildi. Hayat\u0131n\u0131 kaybeden \u0130ncekaya\u2019n\u0131n cans\u0131z bedeni hastane morguna kald\u0131r\u0131ld\u0131. Polis, cinayet \u015f\u00fcphelilerin yakalanmas\u0131 i\u00e7in \u00e7al\u0131\u015fma ger\u00e7ekle\u015ftirirken, cinayet \u015f\u00fcphelisi O.A.D., B.D. ve S.E.B.\u2019nin emniyete giderek teslim oldu\u011fu \u00f6\u011frenildi. Olayla ilgili soru\u015fturma s\u00fcr\u00fcyor.<br \/><\/p>\n","protected":false},"excerpt":{"rendered":"<p>Ayd\u0131n\u2019\u0131n Efeler il\u00e7esinde meydana gelen ve bir ki\u015finin hayat\u0131n\u0131 kaybetti\u011fi silahl\u0131 kavga olay\u0131n\u0131n \u015f\u00fcphelileri polise teslim oldu. Olay, d\u00fcn gece Mu\u011fla Bulvar\u0131 \u00fczerinde meydana geldi. Edinilen bilgiye g\u00f6re, sokak \u00fczerinde iki grup aras\u0131nda hen\u00fcz bilinmeyen bir nedenle tart\u0131\u015fma \u00e7\u0131kt\u0131. Tart\u0131\u015fman\u0131n kavgaya d\u00f6n\u00fc\u015fmesi \u00fczerine ya\u015fanan arbedede ate\u015flenen silahtan \u00e7\u0131kan kur\u015funlar\u0131n hedefi olan \u00d6mer \u0130ncekaya olay yerinde&#8230;<\/p>\n","protected":false},"author":1,"featured_media":99711,"comment_status":"open","ping_status":"open","sticky":false,"template":"","format":"standard","meta":{"_crdt_document":"","footnotes":""},"categories":[5],"tags":[],"class_list":["post-99710","post","type-post","status-publish","format-standard","has-post-thumbnail","hentry","category-asayis"],"_links":{"self":[{"href":"https:\/\/www.egemtv.com\/index.php?rest_route=\/wp\/v2\/posts\/99710","targetHints":{"allow":["GET"]}}],"collection":[{"href":"https:\/\/www.egemtv.com\/index.php?rest_route=\/wp\/v2\/posts"}],"about":[{"href":"https:\/\/www.egemtv.com\/index.php?rest_route=\/wp\/v2\/types\/post"}],"author":[{"embeddable":true,"href":"https:\/\/www.egemtv.com\/index.php?rest_route=\/wp\/v2\/users\/1"}],"replies":[{"embeddable":true,"href":"https:\/\/www.egemtv.com\/index.php?rest_route=%2Fwp%2Fv2%2Fcomments&post=99710"}],"version-history":[{"count":1,"href":"https:\/\/www.egemtv.com\/index.php?rest_route=\/wp\/v2\/posts\/99710\/revisions"}],"predecessor-version":[{"id":99712,"href":"https:\/\/www.egemtv.com\/index.php?rest_route=\/wp\/v2\/posts\/99710\/revisions\/99712"}],"wp:featuredmedia":[{"embeddable":true,"href":"https:\/\/www.egemtv.com\/index.php?rest_route=\/wp\/v2\/media\/99711"}],"wp:attachment":[{"href":"https:\/\/www.egemtv.com\/index.php?rest_route=%2Fwp%2Fv2%2Fmedia&parent=99710"}],"wp:term":[{"taxonomy":"category","embeddable":true,"href":"https:\/\/www.egemtv.com\/index.php?rest_route=%2Fwp%2Fv2%2Fcategories&post=99710"},{"taxonomy":"post_tag","embeddable":true,"href":"https:\/\/www.egemtv.com\/index.php?rest_route=%2Fwp%2Fv2%2Ftags&post=99710"}],"curies":[{"name":"wp","href":"https:\/\/api.w.org\/{rel}","templated":true}]}}