{"id":99707,"date":"2026-04-30T17:25:35","date_gmt":"2026-04-30T14:25:35","guid":{"rendered":"https:\/\/www.egemtv.com\/?p=99707"},"modified":"2026-04-30T17:25:36","modified_gmt":"2026-04-30T14:25:36","slug":"tira-yandan-carpan-otomobilde-1-kisi-oldu-1-kisi-agir-yaralandi","status":"publish","type":"post","link":"https:\/\/www.egemtv.com\/?p=99707","title":{"rendered":"T\u0131ra yandan \u00e7arpan otomobilde 1 ki\u015fi \u00f6ld\u00fc, 1 ki\u015fi a\u011f\u0131r yaraland\u0131"},"content":{"rendered":"<p>Denizli\u2019de t\u0131ra yandan \u00e7arpan otomobilin s\u00fcr\u00fcc\u00fcs\u00fc olan 20 ya\u015f\u0131ndaki gen\u00e7 \u00f6ld\u00fc, 1 ki\u015fi a\u011f\u0131r yaraland\u0131.<br \/>\n<br \/>Kaza, \u00c7ardak il\u00e7esinde meydana geldi. Edinilen bilgilere g\u00f6re, Arda Durmu\u015f (20), 20 AS 955 plakal\u0131 otomobil ile seyir halindeyken, N.K., y\u00f6netimindeki 20 AOE 413 plakal\u0131 t\u0131ra yandan \u00e7arpt\u0131. \u00c7arpman\u0131n etkisiyle otomobil t\u0131r\u0131n alt\u0131na girdi. \u00c7evredeki vatanda\u015flar\u0131n ihbar\u0131 \u00fczerine b\u00f6lgeye polis, sa\u011fl\u0131k ve itfaiye ekipleri sevk edildi. \u0130tfaiye ekipleri ara\u00e7 i\u00e7erisinde s\u0131k\u0131\u015fan s\u00fcr\u00fcc\u00fc Arda Durmu\u015f ve yan\u0131nda yolcu konumunda bulunan Halil \u0130brahim Ert\u00fcrk\u2019\u00fc \u00e7\u0131kartt\u0131. Otomobil s\u00fcr\u00fcc\u00fcs\u00fc Arda Durmu\u015f\u2019un olay yerinde ya\u015fam\u0131n\u0131 yitirdi\u011fi belirlenirken, a\u011f\u0131r yaralanan Halil \u0130brahim Ert\u00fcrk, ambulansla hastaneye sevk edildi. Arda Durmu\u015f\u2019un cenazesi olay yerinde yap\u0131lan incelemelerin ard\u0131ndan otopsi yap\u0131lmak \u00fczere Adli T\u0131p Kurumu Denizli Grup Ba\u015fkanl\u0131\u011f\u0131 morguna kald\u0131r\u0131ld\u0131. Hastaneye kald\u0131r\u0131lan Halil \u0130brahim Ert\u00fcrk\u2019\u00fcn ise hayati tehlikesinin bulundu\u011fu \u00f6\u011frenilirken, t\u0131r s\u00fcr\u00fcc\u00fcs\u00fc N.K.\u2019n\u0131n g\u00f6zalt\u0131na al\u0131nd\u0131\u011f\u0131 \u00f6\u011frenildi.<br \/>\n<br \/>Kazayla ilgili soru\u015fturma ba\u015flat\u0131ld\u0131.<br \/><\/p>\n","protected":false},"excerpt":{"rendered":"<p>Denizli\u2019de t\u0131ra yandan \u00e7arpan otomobilin s\u00fcr\u00fcc\u00fcs\u00fc olan 20 ya\u015f\u0131ndaki gen\u00e7 \u00f6ld\u00fc, 1 ki\u015fi a\u011f\u0131r yaraland\u0131. Kaza, \u00c7ardak il\u00e7esinde meydana geldi. Edinilen bilgilere g\u00f6re, Arda Durmu\u015f (20), 20 AS 955 plakal\u0131 otomobil ile seyir halindeyken, N.K., y\u00f6netimindeki 20 AOE 413 plakal\u0131 t\u0131ra yandan \u00e7arpt\u0131. \u00c7arpman\u0131n etkisiyle otomobil t\u0131r\u0131n alt\u0131na girdi. \u00c7evredeki vatanda\u015flar\u0131n ihbar\u0131 \u00fczerine b\u00f6lgeye polis,&#8230;<\/p>\n","protected":false},"author":1,"featured_media":99708,"comment_status":"open","ping_status":"open","sticky":false,"template":"","format":"standard","meta":{"_crdt_document":"","footnotes":""},"categories":[5],"tags":[],"class_list":["post-99707","post","type-post","status-publish","format-standard","has-post-thumbnail","hentry","category-asayis"],"_links":{"self":[{"href":"https:\/\/www.egemtv.com\/index.php?rest_route=\/wp\/v2\/posts\/99707","targetHints":{"allow":["GET"]}}],"collection":[{"href":"https:\/\/www.egemtv.com\/index.php?rest_route=\/wp\/v2\/posts"}],"about":[{"href":"https:\/\/www.egemtv.com\/index.php?rest_route=\/wp\/v2\/types\/post"}],"author":[{"embeddable":true,"href":"https:\/\/www.egemtv.com\/index.php?rest_route=\/wp\/v2\/users\/1"}],"replies":[{"embeddable":true,"href":"https:\/\/www.egemtv.com\/index.php?rest_route=%2Fwp%2Fv2%2Fcomments&post=99707"}],"version-history":[{"count":1,"href":"https:\/\/www.egemtv.com\/index.php?rest_route=\/wp\/v2\/posts\/99707\/revisions"}],"predecessor-version":[{"id":99709,"href":"https:\/\/www.egemtv.com\/index.php?rest_route=\/wp\/v2\/posts\/99707\/revisions\/99709"}],"wp:featuredmedia":[{"embeddable":true,"href":"https:\/\/www.egemtv.com\/index.php?rest_route=\/wp\/v2\/media\/99708"}],"wp:attachment":[{"href":"https:\/\/www.egemtv.com\/index.php?rest_route=%2Fwp%2Fv2%2Fmedia&parent=99707"}],"wp:term":[{"taxonomy":"category","embeddable":true,"href":"https:\/\/www.egemtv.com\/index.php?rest_route=%2Fwp%2Fv2%2Fcategories&post=99707"},{"taxonomy":"post_tag","embeddable":true,"href":"https:\/\/www.egemtv.com\/index.php?rest_route=%2Fwp%2Fv2%2Ftags&post=99707"}],"curies":[{"name":"wp","href":"https:\/\/api.w.org\/{rel}","templated":true}]}}