{"id":99704,"date":"2026-04-30T16:51:25","date_gmt":"2026-04-30T13:51:25","guid":{"rendered":"https:\/\/www.egemtv.com\/?p=99704"},"modified":"2026-04-30T16:51:26","modified_gmt":"2026-04-30T13:51:26","slug":"baskan-mandalinciden-1-mayis-mesaji-hayatin-yukunu-emek-tasir","status":"publish","type":"post","link":"https:\/\/www.egemtv.com\/?p=99704","title":{"rendered":"Ba\u015fkan Mandalinci\u2019den 1 May\u0131s mesaj\u0131: &#8220;Hayat\u0131n y\u00fck\u00fcn\u00fc emek ta\u015f\u0131r&#8221;"},"content":{"rendered":"<p>Bodrum Belediye Ba\u015fkan\u0131 Tamer Mandalinci, 1 May\u0131s Emek ve Dayan\u0131\u015fma G\u00fcn\u00fc dolay\u0131s\u0131yla yaz\u0131l\u0131 bir mesaj yay\u0131mlad\u0131. Ba\u015fkan Mandalinci, artan ekonomik zorluklar kar\u015f\u0131s\u0131nda eme\u011fin ve dayan\u0131\u015fman\u0131n de\u011ferine dikkat \u00e7ekerek, hayat\u0131 kuran t\u00fcm i\u015f\u00e7i ve emek\u00e7ilerin bayram\u0131n\u0131 kutlad\u0131.<\/p>\n<p>Bodrum Belediye Ba\u015fkan\u0131 Tamer Mandalinci yay\u0131mlad\u0131\u011f\u0131 mesaj\u0131nda \u015fu ifadelere yer verdi:<br \/>\n<br \/>&#8220;Sokaklardan at\u00f6lyelere, limanlardan \u015fantiyelere, hastanelerden s\u0131n\u0131flara, topra\u011f\u0131n derinli\u011finden kentin kalbine kadar eme\u011fiyle hayat\u0131 kuran, \u00fcretimi s\u00fcrd\u00fcren t\u00fcm i\u015f\u00e7i ve emek\u00e7ilerin 1 May\u0131s Emek, M\u00fccadele ve Dayan\u0131\u015fma G\u00fcn\u00fc\u2019n\u00fc kutluyorum. Bug\u00fcn, hayat\u0131n nas\u0131l ayakta kald\u0131\u011f\u0131n\u0131 hat\u0131rlamak i\u00e7in \u00f6nemli bir g\u00fcn. Kentler b\u00fcy\u00fcyor, \u00fcretim bi\u00e7imleri de\u011fi\u015fiyor, teknoloji h\u0131zla ilerliyor; ancak b\u00fct\u00fcn bu d\u00f6n\u00fc\u015f\u00fcm\u00fcn merkezinde hala insan eme\u011fi var. Son d\u00f6nemde ya\u015fanan ekonomik s\u0131k\u0131\u015fma, artan hayat pahal\u0131l\u0131\u011f\u0131 ve ge\u00e7im bask\u0131s\u0131, eme\u011fin g\u00fcnl\u00fck ya\u015fam \u00fczerindeki etkisini daha g\u00f6r\u00fcn\u00fcr hale getirdi. Bu tablo, yaln\u0131zca bir tespitin \u00f6tesinde \u00e7\u00f6z\u00fcm \u00fcretme sorumlulu\u011funu da b\u00fcy\u00fcten bir ger\u00e7ektir. \u00c7al\u0131\u015fma hayat\u0131 d\u00f6n\u00fc\u015f\u00fcrken g\u00fcvencesizlik, gelir dengesizli\u011fi ve ya\u015fam standartlar\u0131na ili\u015fkin kayg\u0131lar daha fazla hissediliyor. Gen\u00e7lerin gelece\u011fe dair beklentileri, kad\u0131nlar\u0131n \u00fcretim i\u00e7indeki g\u00f6r\u00fcn\u00fcrl\u00fc\u011f\u00fc, farkl\u0131 sekt\u00f6rlerde \u00e7al\u0131\u015fanlar\u0131n kar\u015f\u0131la\u015ft\u0131\u011f\u0131 zorluklar, toplumun ortak g\u00fcndemini olu\u015fturuyor. Bu alanlarda at\u0131lacak her ad\u0131m toplumsal dengeleri de do\u011frudan etkiliyor. Kent ya\u015fam\u0131, eme\u011fin her alanda kar\u015f\u0131l\u0131k buldu\u011fu bir d\u00fczenle g\u00fc\u00e7lenir. \u00dcretimin s\u00fcrd\u00fcr\u00fclebilirli\u011fi, sosyal dengelerin korunmas\u0131 ve ya\u015fam kalitesinin y\u00fckselmesi, bu anlay\u0131\u015f\u0131n hayata ge\u00e7irilmesiyle m\u00fcmk\u00fcnd\u00fcr. Bu do\u011frultuda eme\u011fi merkeze alan, insan odakl\u0131 ve dengeli bir yakla\u015f\u0131m\u0131 kararl\u0131l\u0131kla s\u00fcrd\u00fcrmek temel bir sorumluluktur. 1 May\u0131s, dayan\u0131\u015fman\u0131n hat\u0131rland\u0131\u011f\u0131, ortak bir gelecek fikrinin yeniden g\u00fc\u00e7 kazand\u0131\u011f\u0131 bir g\u00fcnd\u00fcr. Bu bilin\u00e7le, eme\u011fiyle hayat\u0131 m\u00fcmk\u00fcn k\u0131lan herkese sayg\u0131 duyuyor; daha g\u00fc\u00e7l\u00fc bir toplumsal yap\u0131 i\u00e7in \u00e7al\u0131\u015fmaya devam ediyorum. T\u00fcm i\u015f\u00e7i ve emek\u00e7ilerimizin 1 May\u0131s Emek, M\u00fccadele ve Dayan\u0131\u015fma G\u00fcn\u00fc kutlu olsun.&#8221;<br \/><\/p>\n","protected":false},"excerpt":{"rendered":"<p>Bodrum Belediye Ba\u015fkan\u0131 Tamer Mandalinci, 1 May\u0131s Emek ve Dayan\u0131\u015fma G\u00fcn\u00fc dolay\u0131s\u0131yla yaz\u0131l\u0131 bir mesaj yay\u0131mlad\u0131. Ba\u015fkan Mandalinci, artan ekonomik zorluklar kar\u015f\u0131s\u0131nda eme\u011fin ve dayan\u0131\u015fman\u0131n de\u011ferine dikkat \u00e7ekerek, hayat\u0131 kuran t\u00fcm i\u015f\u00e7i ve emek\u00e7ilerin bayram\u0131n\u0131 kutlad\u0131. Bodrum Belediye Ba\u015fkan\u0131 Tamer Mandalinci yay\u0131mlad\u0131\u011f\u0131 mesaj\u0131nda \u015fu ifadelere yer verdi: &#8220;Sokaklardan at\u00f6lyelere, limanlardan \u015fantiyelere, hastanelerden s\u0131n\u0131flara, topra\u011f\u0131n derinli\u011finden&#8230;<\/p>\n","protected":false},"author":1,"featured_media":99705,"comment_status":"open","ping_status":"open","sticky":false,"template":"","format":"standard","meta":{"_crdt_document":"","footnotes":""},"categories":[123],"tags":[],"class_list":["post-99704","post","type-post","status-publish","format-standard","has-post-thumbnail","hentry","category-gundem"],"_links":{"self":[{"href":"https:\/\/www.egemtv.com\/index.php?rest_route=\/wp\/v2\/posts\/99704","targetHints":{"allow":["GET"]}}],"collection":[{"href":"https:\/\/www.egemtv.com\/index.php?rest_route=\/wp\/v2\/posts"}],"about":[{"href":"https:\/\/www.egemtv.com\/index.php?rest_route=\/wp\/v2\/types\/post"}],"author":[{"embeddable":true,"href":"https:\/\/www.egemtv.com\/index.php?rest_route=\/wp\/v2\/users\/1"}],"replies":[{"embeddable":true,"href":"https:\/\/www.egemtv.com\/index.php?rest_route=%2Fwp%2Fv2%2Fcomments&post=99704"}],"version-history":[{"count":1,"href":"https:\/\/www.egemtv.com\/index.php?rest_route=\/wp\/v2\/posts\/99704\/revisions"}],"predecessor-version":[{"id":99706,"href":"https:\/\/www.egemtv.com\/index.php?rest_route=\/wp\/v2\/posts\/99704\/revisions\/99706"}],"wp:featuredmedia":[{"embeddable":true,"href":"https:\/\/www.egemtv.com\/index.php?rest_route=\/wp\/v2\/media\/99705"}],"wp:attachment":[{"href":"https:\/\/www.egemtv.com\/index.php?rest_route=%2Fwp%2Fv2%2Fmedia&parent=99704"}],"wp:term":[{"taxonomy":"category","embeddable":true,"href":"https:\/\/www.egemtv.com\/index.php?rest_route=%2Fwp%2Fv2%2Fcategories&post=99704"},{"taxonomy":"post_tag","embeddable":true,"href":"https:\/\/www.egemtv.com\/index.php?rest_route=%2Fwp%2Fv2%2Ftags&post=99704"}],"curies":[{"name":"wp","href":"https:\/\/api.w.org\/{rel}","templated":true}]}}