{"id":99701,"date":"2026-04-30T16:15:43","date_gmt":"2026-04-30T13:15:43","guid":{"rendered":"https:\/\/www.egemtv.com\/?p=99701"},"modified":"2026-04-30T16:15:44","modified_gmt":"2026-04-30T13:15:44","slug":"salihlide-kucukbasta-surdurulebilir-egitim","status":"publish","type":"post","link":"https:\/\/www.egemtv.com\/?p=99701","title":{"rendered":"Salihli\u2019de k\u00fc\u00e7\u00fckba\u015fta s\u00fcrd\u00fcr\u00fclebilir e\u011fitim"},"content":{"rendered":"<p>Manisa\u2019n\u0131n Salihli il\u00e7esindeki Tar\u0131m ve Orman M\u00fcd\u00fcrl\u00fc\u011f\u00fc taraf\u0131ndan k\u00fc\u00e7\u00fckba\u015f hayvan yeti\u015ftiricilerine y\u00f6nelik &#8220;S\u00fcrd\u00fcr\u00fclebilir K\u00fc\u00e7\u00fckba\u015f Hayvan Yeti\u015ftiricili\u011fi&#8221; e\u011fitimi ger\u00e7ekle\u015ftirildi.<br \/>\n<br \/>Salihli Ticaret ve Sanayi Odas\u0131\u2019nda d\u00fczenlenen programa; \u0130l M\u00fcd\u00fcr\u00fc Mehmet Karay\u0131lan, \u0130l M\u00fcd\u00fcr Yard\u0131mc\u0131s\u0131 Ali G\u00f6k, Hayvan Sa\u011fl\u0131\u011f\u0131, Yeti\u015ftiricili\u011fi ve Su \u00dcr\u00fcnleri \u015eube M\u00fcd\u00fcr\u00fc Hakan \u00d6zcano\u011flu, Salihli \u0130l\u00e7e Tar\u0131m ve Orman M\u00fcd\u00fcr\u00fc Murat Yasak, Manisa Dam\u0131zl\u0131k Koyun Ke\u00e7i Birli\u011fi Ba\u015fkan\u0131 Harun S\u00fcner, teknik personeller ve \u00e7ok say\u0131da yeti\u015ftirici kat\u0131ld\u0131.<br \/>\n<br \/>E\u011fitim kapsam\u0131nda Uluda\u011f \u00dcniversitesi Veteriner Fak\u00fcltesi \u00d6\u011fretim \u00dcyesi Prof. Dr. Hakan \u00dcst\u00fcner, &#8220;S\u00fcrd\u00fcr\u00fclebilir K\u00fc\u00e7\u00fckba\u015f Hayvan Yeti\u015ftiricili\u011fi&#8221; ve &#8220;Hayvanc\u0131l\u0131kta Yeni Teknolojiler&#8221; konular\u0131nda kat\u0131l\u0131mc\u0131lara sunum yapt\u0131. \u00dcst\u00fcner, modern hayvanc\u0131l\u0131k uygulamalar\u0131, verimlili\u011fin art\u0131r\u0131lmas\u0131 ve s\u00fcrd\u00fcr\u00fclebilir \u00fcretim modelleri hakk\u0131nda \u00f6nemli bilgiler payla\u015ft\u0131.<br \/>\n<br \/>Program\u0131n sonunda kat\u0131l\u0131mc\u0131lara te\u015fekk\u00fcr belgeleri verilirken, d\u00fczenlenen bilgi yar\u0131\u015fmas\u0131nda dereceye giren \u00fcreticilere de \u00f6d\u00fcller takdim edildi. Yar\u0131\u015fmada birinci olan kat\u0131l\u0131mc\u0131ya 20 hayvanl\u0131k kilitli yemlik, ikinci olan kat\u0131l\u0131mc\u0131ya ise kepenek hediye edildi.<br \/><\/p>\n","protected":false},"excerpt":{"rendered":"<p>Manisa\u2019n\u0131n Salihli il\u00e7esindeki Tar\u0131m ve Orman M\u00fcd\u00fcrl\u00fc\u011f\u00fc taraf\u0131ndan k\u00fc\u00e7\u00fckba\u015f hayvan yeti\u015ftiricilerine y\u00f6nelik &#8220;S\u00fcrd\u00fcr\u00fclebilir K\u00fc\u00e7\u00fckba\u015f Hayvan Yeti\u015ftiricili\u011fi&#8221; e\u011fitimi ger\u00e7ekle\u015ftirildi. Salihli Ticaret ve Sanayi Odas\u0131\u2019nda d\u00fczenlenen programa; \u0130l M\u00fcd\u00fcr\u00fc Mehmet Karay\u0131lan, \u0130l M\u00fcd\u00fcr Yard\u0131mc\u0131s\u0131 Ali G\u00f6k, Hayvan Sa\u011fl\u0131\u011f\u0131, Yeti\u015ftiricili\u011fi ve Su \u00dcr\u00fcnleri \u015eube M\u00fcd\u00fcr\u00fc Hakan \u00d6zcano\u011flu, Salihli \u0130l\u00e7e Tar\u0131m ve Orman M\u00fcd\u00fcr\u00fc Murat Yasak, Manisa Dam\u0131zl\u0131k Koyun&#8230;<\/p>\n","protected":false},"author":1,"featured_media":99702,"comment_status":"open","ping_status":"open","sticky":false,"template":"","format":"standard","meta":{"_crdt_document":"","footnotes":""},"categories":[1],"tags":[],"class_list":["post-99701","post","type-post","status-publish","format-standard","has-post-thumbnail","hentry","category-guncel"],"_links":{"self":[{"href":"https:\/\/www.egemtv.com\/index.php?rest_route=\/wp\/v2\/posts\/99701","targetHints":{"allow":["GET"]}}],"collection":[{"href":"https:\/\/www.egemtv.com\/index.php?rest_route=\/wp\/v2\/posts"}],"about":[{"href":"https:\/\/www.egemtv.com\/index.php?rest_route=\/wp\/v2\/types\/post"}],"author":[{"embeddable":true,"href":"https:\/\/www.egemtv.com\/index.php?rest_route=\/wp\/v2\/users\/1"}],"replies":[{"embeddable":true,"href":"https:\/\/www.egemtv.com\/index.php?rest_route=%2Fwp%2Fv2%2Fcomments&post=99701"}],"version-history":[{"count":1,"href":"https:\/\/www.egemtv.com\/index.php?rest_route=\/wp\/v2\/posts\/99701\/revisions"}],"predecessor-version":[{"id":99703,"href":"https:\/\/www.egemtv.com\/index.php?rest_route=\/wp\/v2\/posts\/99701\/revisions\/99703"}],"wp:featuredmedia":[{"embeddable":true,"href":"https:\/\/www.egemtv.com\/index.php?rest_route=\/wp\/v2\/media\/99702"}],"wp:attachment":[{"href":"https:\/\/www.egemtv.com\/index.php?rest_route=%2Fwp%2Fv2%2Fmedia&parent=99701"}],"wp:term":[{"taxonomy":"category","embeddable":true,"href":"https:\/\/www.egemtv.com\/index.php?rest_route=%2Fwp%2Fv2%2Fcategories&post=99701"},{"taxonomy":"post_tag","embeddable":true,"href":"https:\/\/www.egemtv.com\/index.php?rest_route=%2Fwp%2Fv2%2Ftags&post=99701"}],"curies":[{"name":"wp","href":"https:\/\/api.w.org\/{rel}","templated":true}]}}