{"id":99698,"date":"2026-04-30T16:15:42","date_gmt":"2026-04-30T13:15:42","guid":{"rendered":"https:\/\/www.egemtv.com\/?p=99698"},"modified":"2026-04-30T16:15:43","modified_gmt":"2026-04-30T13:15:43","slug":"baskan-simsek-esnafin-istek-ve-onerilerini-yerinde-dinledi","status":"publish","type":"post","link":"https:\/\/www.egemtv.com\/?p=99698","title":{"rendered":"Ba\u015fkan \u015eim\u015fek esnaf\u0131n istek ve \u00f6nerilerini yerinde dinledi"},"content":{"rendered":"<p>\u015eehzadeler Belediye Ba\u015fkan\u0131 Hakan \u015eim\u015fek, Alaybey ve Sakarya Mahallesi\u2019nde ger\u00e7ekle\u015ftirdi\u011fi ziyaretlerde esnafla bir araya gelerek talep ve \u00f6nerileri yerinde dinledi.<br \/>\n<br \/>\u015eehzadeler Belediye Ba\u015fkan\u0131 Hakan \u015eim\u015fek, il\u00e7e genelinde s\u00fcrd\u00fcrd\u00fc\u011f\u00fc esnaf ziyaretleri kapsam\u0131nda Alaybey ve Sakarya Mahallesi\u2019nde faaliyet g\u00f6steren esnaflar\u0131 ziyaret etti. Ziyaretler s\u0131ras\u0131nda i\u015f yerlerini tek tek gezen Ba\u015fkan \u015eim\u015fek, esnafa hay\u0131rl\u0131 i\u015fler temennisinde bulunarak sohbet etti. Esnaf\u0131n talep ve \u00f6nerilerini dinleyen \u015eim\u015fek, iletilen konularla yak\u0131ndan ilgilenerek \u00e7\u00f6z\u00fcm odakl\u0131 bir yakla\u015f\u0131m sergiledi.<br \/>\n<br \/>B\u00f6lgedeki ticari hareketlilik ve mahalleye dair ihtiya\u00e7lar hakk\u0131nda da bilgi alan \u015eim\u015fek, yerel ekonominin g\u00fc\u00e7lenmesi ad\u0131na esnafla kurulan ileti\u015fimin \u00f6nemine dikkat \u00e7ekti. Vatanda\u015f ve esnafla do\u011frudan temas kurmaya devam edeceklerini belirten Ba\u015fkan \u015eim\u015fek, \u015eehzadeler Belediyesi olarak her zaman sahada olduklar\u0131n\u0131 vurgulad\u0131. Yap\u0131lan ziyaretler, esnaf taraf\u0131ndan memnuniyetle kar\u015f\u0131land\u0131.<br \/><\/p>\n","protected":false},"excerpt":{"rendered":"<p>\u015eehzadeler Belediye Ba\u015fkan\u0131 Hakan \u015eim\u015fek, Alaybey ve Sakarya Mahallesi\u2019nde ger\u00e7ekle\u015ftirdi\u011fi ziyaretlerde esnafla bir araya gelerek talep ve \u00f6nerileri yerinde dinledi. \u015eehzadeler Belediye Ba\u015fkan\u0131 Hakan \u015eim\u015fek, il\u00e7e genelinde s\u00fcrd\u00fcrd\u00fc\u011f\u00fc esnaf ziyaretleri kapsam\u0131nda Alaybey ve Sakarya Mahallesi\u2019nde faaliyet g\u00f6steren esnaflar\u0131 ziyaret etti. Ziyaretler s\u0131ras\u0131nda i\u015f yerlerini tek tek gezen Ba\u015fkan \u015eim\u015fek, esnafa hay\u0131rl\u0131 i\u015fler temennisinde bulunarak sohbet&#8230;<\/p>\n","protected":false},"author":1,"featured_media":99699,"comment_status":"open","ping_status":"open","sticky":false,"template":"","format":"standard","meta":{"_crdt_document":"","footnotes":""},"categories":[127],"tags":[],"class_list":["post-99698","post","type-post","status-publish","format-standard","has-post-thumbnail","hentry","category-siyaset"],"_links":{"self":[{"href":"https:\/\/www.egemtv.com\/index.php?rest_route=\/wp\/v2\/posts\/99698","targetHints":{"allow":["GET"]}}],"collection":[{"href":"https:\/\/www.egemtv.com\/index.php?rest_route=\/wp\/v2\/posts"}],"about":[{"href":"https:\/\/www.egemtv.com\/index.php?rest_route=\/wp\/v2\/types\/post"}],"author":[{"embeddable":true,"href":"https:\/\/www.egemtv.com\/index.php?rest_route=\/wp\/v2\/users\/1"}],"replies":[{"embeddable":true,"href":"https:\/\/www.egemtv.com\/index.php?rest_route=%2Fwp%2Fv2%2Fcomments&post=99698"}],"version-history":[{"count":1,"href":"https:\/\/www.egemtv.com\/index.php?rest_route=\/wp\/v2\/posts\/99698\/revisions"}],"predecessor-version":[{"id":99700,"href":"https:\/\/www.egemtv.com\/index.php?rest_route=\/wp\/v2\/posts\/99698\/revisions\/99700"}],"wp:featuredmedia":[{"embeddable":true,"href":"https:\/\/www.egemtv.com\/index.php?rest_route=\/wp\/v2\/media\/99699"}],"wp:attachment":[{"href":"https:\/\/www.egemtv.com\/index.php?rest_route=%2Fwp%2Fv2%2Fmedia&parent=99698"}],"wp:term":[{"taxonomy":"category","embeddable":true,"href":"https:\/\/www.egemtv.com\/index.php?rest_route=%2Fwp%2Fv2%2Fcategories&post=99698"},{"taxonomy":"post_tag","embeddable":true,"href":"https:\/\/www.egemtv.com\/index.php?rest_route=%2Fwp%2Fv2%2Ftags&post=99698"}],"curies":[{"name":"wp","href":"https:\/\/api.w.org\/{rel}","templated":true}]}}