{"id":99695,"date":"2026-04-30T15:40:49","date_gmt":"2026-04-30T12:40:49","guid":{"rendered":"https:\/\/www.egemtv.com\/?p=99695"},"modified":"2026-04-30T15:40:50","modified_gmt":"2026-04-30T12:40:50","slug":"manisali-alp-turkiye-sampiyonu-oldu","status":"publish","type":"post","link":"https:\/\/www.egemtv.com\/?p=99695","title":{"rendered":"Manisal\u0131 Alp T\u00fcrkiye \u015eampiyonu oldu"},"content":{"rendered":"<p>Yunusemre Belediyespor\u2019un gen\u00e7 judocusu Alp Can\u0131tez, Bilecik\u2019te d\u00fczenlenen Okul Sporlar\u0131 T\u00fcrkiye \u015eampiyonas\u0131\u2019nda alt\u0131n madalya kazanarak Manisa\u2019ya b\u00fcy\u00fck gurur ya\u015fatt\u0131.<br \/>\n<br \/>Yunusemre Belediyespor\u2019un ba\u015far\u0131l\u0131 judocusu Alp Can\u0131tez, Bilecik\u2019te d\u00fczenlenen Okul Sporlar\u0131 K\u00fc\u00e7\u00fckler Judo T\u00fcrkiye Birincili\u011fi\u2019nde 60 kiloda \u015fampiyon olarak \u00f6nemli bir ba\u015far\u0131ya imza att\u0131.<br \/>\n<br \/>G\u00f6rg\u00fcl\u00fcler Ortaokulu \u00f6\u011frencisi olan gen\u00e7 sporcu, turnuva boyunca sergiledi\u011fi \u00fcst\u00fcn performansla t\u00fcm rakiplerini geride b\u0131rakarak alt\u0131n madalyan\u0131n sahibi oldu. Elde etti\u011fi bu ba\u015far\u0131yla hem kul\u00fcb\u00fcn\u00fc hem de Manisa\u2019y\u0131 gururland\u0131ran Can\u0131tez, gelecekteki ba\u015far\u0131lar\u0131 i\u00e7in de umut verdi.<br \/>\n<br \/>Yunusemre Belediyespor Kul\u00fcp Ba\u015fkan\u0131 B\u00fclent Kanik, elde edilen ba\u015far\u0131ya ili\u015fkin yapt\u0131\u011f\u0131 a\u00e7\u0131klamada, k\u00fc\u00e7\u00fck ya\u015fta kazan\u0131lan derecelerin T\u00fcrk sporunun gelece\u011fi a\u00e7\u0131s\u0131ndan b\u00fcy\u00fck \u00f6nem ta\u015f\u0131d\u0131\u011f\u0131n\u0131 belirtti. Kanik, &#8220;Altyap\u0131m\u0131zdan yeti\u015fen sporcular\u0131m\u0131z\u0131n T\u00fcrkiye \u015fampiyonu olmas\u0131 bizler i\u00e7in ayr\u0131 bir gurur kayna\u011f\u0131. Sporcumuzu ve eme\u011fi ge\u00e7en antren\u00f6rlerimizi tebrik ediyorum. Bu ya\u015f grubunda kazan\u0131lan alt\u0131n madalyalar, milli tak\u0131m\u0131n temelini olu\u015fturuyor. Biz de bu bilin\u00e7le gen\u00e7lerimizi T\u00fcrk sporuna kazand\u0131rmaya devam edece\u011fiz&#8221; dedi.<br \/>\n<br \/>Kanik ayr\u0131ca Yunusemre Belediye Ba\u015fkan\u0131 Semih Balaban\u2019\u0131n spora ve sporcuya verdi\u011fi deste\u011fe dikkat \u00e7ekerek, &#8220;Say\u0131n Ba\u015fkan\u0131m\u0131z\u0131n g\u00fc\u00e7l\u00fc destekleri bu ba\u015far\u0131lar\u0131n temel ta\u015flar\u0131ndan biridir. Kendilerine katk\u0131lar\u0131ndan dolay\u0131 te\u015fekk\u00fcr ediyoruz&#8221; ifadelerini kulland\u0131.<br \/><\/p>\n","protected":false},"excerpt":{"rendered":"<p>Yunusemre Belediyespor\u2019un gen\u00e7 judocusu Alp Can\u0131tez, Bilecik\u2019te d\u00fczenlenen Okul Sporlar\u0131 T\u00fcrkiye \u015eampiyonas\u0131\u2019nda alt\u0131n madalya kazanarak Manisa\u2019ya b\u00fcy\u00fck gurur ya\u015fatt\u0131. Yunusemre Belediyespor\u2019un ba\u015far\u0131l\u0131 judocusu Alp Can\u0131tez, Bilecik\u2019te d\u00fczenlenen Okul Sporlar\u0131 K\u00fc\u00e7\u00fckler Judo T\u00fcrkiye Birincili\u011fi\u2019nde 60 kiloda \u015fampiyon olarak \u00f6nemli bir ba\u015far\u0131ya imza att\u0131. G\u00f6rg\u00fcl\u00fcler Ortaokulu \u00f6\u011frencisi olan gen\u00e7 sporcu, turnuva boyunca sergiledi\u011fi \u00fcst\u00fcn performansla t\u00fcm rakiplerini&#8230;<\/p>\n","protected":false},"author":1,"featured_media":99696,"comment_status":"open","ping_status":"open","sticky":false,"template":"","format":"standard","meta":{"_crdt_document":"","footnotes":""},"categories":[4],"tags":[],"class_list":["post-99695","post","type-post","status-publish","format-standard","has-post-thumbnail","hentry","category-spor"],"_links":{"self":[{"href":"https:\/\/www.egemtv.com\/index.php?rest_route=\/wp\/v2\/posts\/99695","targetHints":{"allow":["GET"]}}],"collection":[{"href":"https:\/\/www.egemtv.com\/index.php?rest_route=\/wp\/v2\/posts"}],"about":[{"href":"https:\/\/www.egemtv.com\/index.php?rest_route=\/wp\/v2\/types\/post"}],"author":[{"embeddable":true,"href":"https:\/\/www.egemtv.com\/index.php?rest_route=\/wp\/v2\/users\/1"}],"replies":[{"embeddable":true,"href":"https:\/\/www.egemtv.com\/index.php?rest_route=%2Fwp%2Fv2%2Fcomments&post=99695"}],"version-history":[{"count":1,"href":"https:\/\/www.egemtv.com\/index.php?rest_route=\/wp\/v2\/posts\/99695\/revisions"}],"predecessor-version":[{"id":99697,"href":"https:\/\/www.egemtv.com\/index.php?rest_route=\/wp\/v2\/posts\/99695\/revisions\/99697"}],"wp:featuredmedia":[{"embeddable":true,"href":"https:\/\/www.egemtv.com\/index.php?rest_route=\/wp\/v2\/media\/99696"}],"wp:attachment":[{"href":"https:\/\/www.egemtv.com\/index.php?rest_route=%2Fwp%2Fv2%2Fmedia&parent=99695"}],"wp:term":[{"taxonomy":"category","embeddable":true,"href":"https:\/\/www.egemtv.com\/index.php?rest_route=%2Fwp%2Fv2%2Fcategories&post=99695"},{"taxonomy":"post_tag","embeddable":true,"href":"https:\/\/www.egemtv.com\/index.php?rest_route=%2Fwp%2Fv2%2Ftags&post=99695"}],"curies":[{"name":"wp","href":"https:\/\/api.w.org\/{rel}","templated":true}]}}