{"id":99692,"date":"2026-04-30T15:40:47","date_gmt":"2026-04-30T12:40:47","guid":{"rendered":"https:\/\/www.egemtv.com\/?p=99692"},"modified":"2026-04-30T15:40:49","modified_gmt":"2026-04-30T12:40:49","slug":"bozdoganda-simit-pazari-sokagi-duzenleme-calismasi-tamamlandi","status":"publish","type":"post","link":"https:\/\/www.egemtv.com\/?p=99692","title":{"rendered":"Bozdo\u011fan\u2019da Simit Pazar\u0131 Soka\u011f\u0131 d\u00fczenleme \u00e7al\u0131\u015fmas\u0131 tamamland\u0131"},"content":{"rendered":"<p>Bozdo\u011fan Belediyesi taraf\u0131ndan il\u00e7e merkezinde y\u00fcr\u00fct\u00fclen \u00fcstyap\u0131 d\u00fczenlemeleri kapsam\u0131nda Simit Pazar\u0131 Soka\u011f\u0131\u2019nda ba\u015flat\u0131lan \u00e7at\u0131 yap\u0131m \u00e7al\u0131\u015fmas\u0131 tamamland\u0131. Vatanda\u015flar\u0131n ve esnaf\u0131n \u00f6zellikle ya\u011f\u0131\u015fl\u0131 havalarda al\u0131\u015fveri\u015flerini kesintisiz s\u00fcrd\u00fcrebilmesi amac\u0131yla hayata ge\u00e7irilen proje, soka\u011f\u0131 d\u00f6rt mevsim kullan\u0131labilir hale getirdi.<\/p>\n<p>D\u00f6rt mevsim konforlu kullan\u0131m hedefi<br \/>\n<br \/>\u00c7al\u0131\u015fma kapsam\u0131nda soka\u011f\u0131n \u00fczeri \u00e7at\u0131 sistemiyle kapat\u0131l\u0131rken, yaya trafi\u011finin daha g\u00fcvenli ve konforlu hale getirilmesi sa\u011fland\u0131. Yap\u0131lan d\u00fczenlemeyle birlikte hem vatanda\u015flar\u0131n al\u0131\u015fveri\u015f deneyimi iyile\u015ftirildi hem de esnaf\u0131n ya\u011fmur, g\u00fcne\u015f ve olumsuz hava \u015fartlar\u0131ndan etkilenmeden hizmet vermesinin \u00f6n\u00fc a\u00e7\u0131ld\u0131. Projenin, \u00f6zellikle yo\u011fun g\u00fcnlerde ya\u015fanan aksakl\u0131klar\u0131 azaltmas\u0131 ve ticari ak\u0131\u015f\u0131 d\u00fczenlemesi bekleniyor.<\/p>\n<p>Ticari hareketlili\u011fe katk\u0131 sa\u011flayacak<br \/>\n<br \/>Bozdo\u011fan Belediye Ba\u015fkan\u0131 Mustafa Galip \u00d6zel, tamamlanan \u00e7al\u0131\u015fmaya ili\u015fkin yapt\u0131\u011f\u0131 de\u011ferlendirmede, il\u00e7e merkezinde ekonomik canl\u0131l\u0131\u011f\u0131 destekleyen ve g\u00fcnl\u00fck ya\u015fam\u0131 kolayla\u015ft\u0131ran projelere \u00f6ncelik verdiklerini vurgulad\u0131. Ba\u015fkan \u00d6zel, &#8220;Vatanda\u015flar\u0131m\u0131z\u0131n daha konforlu alanlarda vakit ge\u00e7irmesi, esnaf\u0131m\u0131z\u0131n ise daha sa\u011fl\u0131kl\u0131 \u015fartlarda hizmet vermesi bizim temel \u00f6nceli\u011fimiz. Simit Pazar\u0131 Soka\u011f\u0131\u2019nda tamamlad\u0131\u011f\u0131m\u0131z \u00e7at\u0131 \u00e7al\u0131\u015fmas\u0131yla hem ya\u015fam kalitesini art\u0131r\u0131yoruz hem de il\u00e7e merkezindeki ticari hareketlili\u011fi g\u00fc\u00e7lendiriyoruz&#8221; ifadelerini kulland\u0131.<\/p>\n<p>Kent esteti\u011fine de katk\u0131 sundu<br \/>\n<br \/>Yap\u0131lan \u00e7al\u0131\u015fma yaln\u0131zca i\u015flevsellik de\u011fil, kent esteti\u011fi a\u00e7\u0131s\u0131ndan da \u00f6nemli bir kazan\u0131m sa\u011flad\u0131. Soka\u011f\u0131n b\u00fct\u00fcnl\u00fc\u011f\u00fcn\u00fc koruyan mimari yakla\u015f\u0131m ile d\u00fczenlenen \u00e7at\u0131 sistemi, b\u00f6lgeye daha d\u00fczenli ve modern bir g\u00f6r\u00fcn\u00fcm kazand\u0131rd\u0131.<\/p>\n<p>\u00c7al\u0131\u015fmalar devam edecek<br \/>\n<br \/>Bozdo\u011fan Belediyesi\u2019nin, il\u00e7e genelinde benzer nitelikteki kamusal alan d\u00fczenlemelerini s\u00fcrd\u00fcrece\u011fi, vatanda\u015f odakl\u0131 projelerle sosyal ve ekonomik ya\u015fam\u0131 desteklemeye devam edece\u011fi bildirildi. Simit Pazar\u0131 Soka\u011f\u0131\u2019nda tamamlanan bu \u00e7al\u0131\u015fma, merkezdeki d\u00f6n\u00fc\u015f\u00fcm\u00fcn \u00f6nemli ad\u0131mlar\u0131ndan biri olarak de\u011ferlendiriliyor.<br \/><\/p>\n","protected":false},"excerpt":{"rendered":"<p>Bozdo\u011fan Belediyesi taraf\u0131ndan il\u00e7e merkezinde y\u00fcr\u00fct\u00fclen \u00fcstyap\u0131 d\u00fczenlemeleri kapsam\u0131nda Simit Pazar\u0131 Soka\u011f\u0131\u2019nda ba\u015flat\u0131lan \u00e7at\u0131 yap\u0131m \u00e7al\u0131\u015fmas\u0131 tamamland\u0131. Vatanda\u015flar\u0131n ve esnaf\u0131n \u00f6zellikle ya\u011f\u0131\u015fl\u0131 havalarda al\u0131\u015fveri\u015flerini kesintisiz s\u00fcrd\u00fcrebilmesi amac\u0131yla hayata ge\u00e7irilen proje, soka\u011f\u0131 d\u00f6rt mevsim kullan\u0131labilir hale getirdi. D\u00f6rt mevsim konforlu kullan\u0131m hedefi \u00c7al\u0131\u015fma kapsam\u0131nda soka\u011f\u0131n \u00fczeri \u00e7at\u0131 sistemiyle kapat\u0131l\u0131rken, yaya trafi\u011finin daha g\u00fcvenli ve konforlu hale&#8230;<\/p>\n","protected":false},"author":1,"featured_media":99693,"comment_status":"open","ping_status":"open","sticky":false,"template":"","format":"standard","meta":{"_crdt_document":"","footnotes":""},"categories":[1],"tags":[],"class_list":["post-99692","post","type-post","status-publish","format-standard","has-post-thumbnail","hentry","category-guncel"],"_links":{"self":[{"href":"https:\/\/www.egemtv.com\/index.php?rest_route=\/wp\/v2\/posts\/99692","targetHints":{"allow":["GET"]}}],"collection":[{"href":"https:\/\/www.egemtv.com\/index.php?rest_route=\/wp\/v2\/posts"}],"about":[{"href":"https:\/\/www.egemtv.com\/index.php?rest_route=\/wp\/v2\/types\/post"}],"author":[{"embeddable":true,"href":"https:\/\/www.egemtv.com\/index.php?rest_route=\/wp\/v2\/users\/1"}],"replies":[{"embeddable":true,"href":"https:\/\/www.egemtv.com\/index.php?rest_route=%2Fwp%2Fv2%2Fcomments&post=99692"}],"version-history":[{"count":1,"href":"https:\/\/www.egemtv.com\/index.php?rest_route=\/wp\/v2\/posts\/99692\/revisions"}],"predecessor-version":[{"id":99694,"href":"https:\/\/www.egemtv.com\/index.php?rest_route=\/wp\/v2\/posts\/99692\/revisions\/99694"}],"wp:featuredmedia":[{"embeddable":true,"href":"https:\/\/www.egemtv.com\/index.php?rest_route=\/wp\/v2\/media\/99693"}],"wp:attachment":[{"href":"https:\/\/www.egemtv.com\/index.php?rest_route=%2Fwp%2Fv2%2Fmedia&parent=99692"}],"wp:term":[{"taxonomy":"category","embeddable":true,"href":"https:\/\/www.egemtv.com\/index.php?rest_route=%2Fwp%2Fv2%2Fcategories&post=99692"},{"taxonomy":"post_tag","embeddable":true,"href":"https:\/\/www.egemtv.com\/index.php?rest_route=%2Fwp%2Fv2%2Ftags&post=99692"}],"curies":[{"name":"wp","href":"https:\/\/api.w.org\/{rel}","templated":true}]}}