{"id":99689,"date":"2026-04-30T13:20:52","date_gmt":"2026-04-30T10:20:52","guid":{"rendered":"https:\/\/www.egemtv.com\/?p=99689"},"modified":"2026-04-30T13:20:53","modified_gmt":"2026-04-30T10:20:53","slug":"ayso-meclis-ve-musterek-komite-toplantisi-gerceklestirildi","status":"publish","type":"post","link":"https:\/\/www.egemtv.com\/?p=99689","title":{"rendered":"AYSO Meclis ve M\u00fc\u015fterek Komite Toplant\u0131s\u0131 ger\u00e7ekle\u015ftirildi"},"content":{"rendered":"<p>Ayd\u0131n Sanayi Odas\u0131 (AYSO) Meclis ve M\u00fc\u015fterek Komite Toplant\u0131s\u0131 Meclis Ba\u015fkan\u0131 Hakk\u0131 G\u00f6zl\u00fckl\u00fc ba\u015fkanl\u0131\u011f\u0131nda ger\u00e7ekle\u015ftirildi.<\/p>\n<p>Toplant\u0131n\u0131n a\u00e7\u0131l\u0131\u015f\u0131nda Meclis Ba\u015fkan\u0131 Hakk\u0131 G\u00f6zl\u00fckl\u00fc, meclis ve komite \u00fcyelerine kat\u0131l\u0131mlar\u0131ndan dolay\u0131 te\u015fekk\u00fcr ederek, \u00fclke ekonomisinde son d\u00f6nemde ya\u015fanan geli\u015fmeleri de\u011ferlendirdi. Ard\u0131ndan Y\u00f6netim Kurulu Ba\u015fkan\u0131 G\u00f6khan Mara\u015f s\u00f6z alarak AYSO\u2019nun gelir-gider durumu, d\u00f6nem i\u00e7i \u00e7al\u0131\u015fmalar\u0131 ve devam eden projeleri hakk\u0131nda meclis ve komite \u00fcyelerine bilgilendirmelerde  bulundu. Yakla\u015fan AYSO ola\u011fan se\u00e7imlerine de de\u011finen Y\u00f6netim Kurulu Ba\u015fkan\u0131 G\u00f6khan Mara\u015f, g\u00f6reve devam etme iradelerini ortaya koyarak, &#8220;Y\u0131l sonuna do\u011fru yap\u0131lmas\u0131 planlanan AYSO ola\u011fan se\u00e7imlerinde mavi liste ile se\u00e7ime girece\u011fiz. Rengimiz mavi olacak. Bug\u00fcne kadar oldu\u011fu gibi \u00f6n\u00fcm\u00fczdeki d\u00f6nemde de Ayd\u0131n sanayisi i\u00e7in birlik, isti\u015fare ve ortak ak\u0131l anlay\u0131\u015f\u0131yla \u00e7al\u0131\u015fmaya devam edece\u011fiz&#8221; dedi.<\/p>\n<p>Toplant\u0131da, AYSO taraf\u0131ndan makine imalat\u0131 ve tedarik\u00e7ileri sekt\u00f6r\u00fcne y\u00f6nelik y\u00fcr\u00fct\u00fclen UR-GE Projesi kapsam\u0131nda 15-23 Nisan 2026 tarihleri aras\u0131nda \u00c7in\u2019e ger\u00e7ekle\u015ftirilen fuar ve i\u015f gezisi hakk\u0131nda da de\u011ferlendirmelerde bulunuldu. Programa kat\u0131lan UR-GE \u00fcyesi sanayicileri, \u00c7in\u2019de edindikleri temaslar, fuar ziyaretleri ve sekt\u00f6rel kazan\u0131mlar hakk\u0131nda g\u00f6r\u00fc\u015flerini payla\u015farak projenin hayata ge\u00e7irilmesinde eme\u011fi ge\u00e7enlere te\u015fekk\u00fcr etti.<\/p>\n<p>AYSO Y\u00f6netim Kurulu Ba\u015fkan\u0131 G\u00f6khan Mara\u015f, \u00c7in program\u0131na ili\u015fkin yapt\u0131\u011f\u0131 de\u011ferlendirmede \u015fu ifadeleri kulland\u0131:<br \/>\n<br \/>&#8220;Makine \u0130malat\u0131 ve Tedarik\u00e7ileri sekt\u00f6r\u00fcne y\u00f6nelik y\u00fcr\u00fctt\u00fc\u011f\u00fcm\u00fcz UR-GE Projemiz, \u00fcyelerimizin  uluslararas\u0131 pazarlara a\u00e7\u0131lmas\u0131, yeni i\u015f ba\u011flant\u0131lar\u0131 kurmas\u0131 ve k\u00fcresel rekabet g\u00fcc\u00fcn\u00fc art\u0131rmas\u0131 a\u00e7\u0131s\u0131ndan son derece k\u0131ymetlidir. \u00c7in program\u0131nda da temel amac\u0131m\u0131z, \u00fcyelerimizin yan\u0131nda olmak, onlara \u00f6nc\u00fcl\u00fck etmek ve Ayd\u0131n sanayisinin uluslararas\u0131 alandaki g\u00f6r\u00fcn\u00fcrl\u00fc\u011f\u00fcn\u00fc art\u0131rmakt\u0131. Bu kapsamda UR-GE \u00fcyelerimiz proje desteklerinden yararlan\u0131rken, AYSO heyetinde yer alan bizler t\u00fcm seyahat masraflar\u0131m\u0131z\u0131 kendi imkanlar\u0131m\u0131zla kar\u015f\u0131lad\u0131k. Dolay\u0131s\u0131yla bu konuda kamuoyunda olu\u015fabilecek yanl\u0131\u015f alg\u0131lar\u0131n \u00f6n\u00fcne ge\u00e7mek isteriz. Ayd\u0131n Sanayi Odas\u0131 olarak her zaman \u015feffafl\u0131k, hesap verebilirlik ve \u00fcyelerimizin menfaatini \u00f6nceleyen bir anlay\u0131\u015fla hareket ediyoruz.&#8221;<\/p>\n<p>Toplant\u0131n\u0131n konuk konu\u015fmac\u0131 b\u00f6l\u00fcm\u00fcnde Ayd\u0131n Ticaret \u0130l M\u00fcd\u00fcr\u00fc Arif Aksu, UR-GE projelerinin firmalar\u0131n ihracat kapasitesine ve kurumsal geli\u015fimine sa\u011flad\u0131\u011f\u0131 katk\u0131lara de\u011finerek, bu t\u00fcr projelerin sanayiciler a\u00e7\u0131s\u0131ndan \u00f6nemli f\u0131rsatlar sundu\u011funu ifade etti.<\/p>\n<p>AYSO Genel Sekreteri \u00c7etin Ayk\u0131r\u0131 ise komite \u00fcyelerine y\u00f6nelik GZFT (SWOT) Analizi sunumu ger\u00e7ekle\u015ftirdi. Sunumda sekt\u00f6rlerin g\u00fc\u00e7l\u00fc ve geli\u015fime a\u00e7\u0131k y\u00f6nleri, kar\u015f\u0131la\u015f\u0131labilecek f\u0131rsatlar ve riskler  de\u011ferlendirilerek komite \u00fcyelerinin g\u00f6r\u00fc\u015fleri al\u0131nd\u0131.<\/p>\n<p>Toplant\u0131, Meclis ve komite \u00fcyelerinin de\u011ferlendirmeleri, g\u00f6r\u00fc\u015f ve \u00f6nerilerinin al\u0131nmas\u0131n\u0131n ard\u0131ndan sona erdi.<br \/><\/p>\n","protected":false},"excerpt":{"rendered":"<p>Ayd\u0131n Sanayi Odas\u0131 (AYSO) Meclis ve M\u00fc\u015fterek Komite Toplant\u0131s\u0131 Meclis Ba\u015fkan\u0131 Hakk\u0131 G\u00f6zl\u00fckl\u00fc ba\u015fkanl\u0131\u011f\u0131nda ger\u00e7ekle\u015ftirildi. Toplant\u0131n\u0131n a\u00e7\u0131l\u0131\u015f\u0131nda Meclis Ba\u015fkan\u0131 Hakk\u0131 G\u00f6zl\u00fckl\u00fc, meclis ve komite \u00fcyelerine kat\u0131l\u0131mlar\u0131ndan dolay\u0131 te\u015fekk\u00fcr ederek, \u00fclke ekonomisinde son d\u00f6nemde ya\u015fanan geli\u015fmeleri de\u011ferlendirdi. Ard\u0131ndan Y\u00f6netim Kurulu Ba\u015fkan\u0131 G\u00f6khan Mara\u015f s\u00f6z alarak AYSO\u2019nun gelir-gider durumu, d\u00f6nem i\u00e7i \u00e7al\u0131\u015fmalar\u0131 ve devam eden projeleri hakk\u0131nda&#8230;<\/p>\n","protected":false},"author":1,"featured_media":99690,"comment_status":"open","ping_status":"open","sticky":false,"template":"","format":"standard","meta":{"_crdt_document":"","footnotes":""},"categories":[125],"tags":[],"class_list":["post-99689","post","type-post","status-publish","format-standard","has-post-thumbnail","hentry","category-ekonomi"],"_links":{"self":[{"href":"https:\/\/www.egemtv.com\/index.php?rest_route=\/wp\/v2\/posts\/99689","targetHints":{"allow":["GET"]}}],"collection":[{"href":"https:\/\/www.egemtv.com\/index.php?rest_route=\/wp\/v2\/posts"}],"about":[{"href":"https:\/\/www.egemtv.com\/index.php?rest_route=\/wp\/v2\/types\/post"}],"author":[{"embeddable":true,"href":"https:\/\/www.egemtv.com\/index.php?rest_route=\/wp\/v2\/users\/1"}],"replies":[{"embeddable":true,"href":"https:\/\/www.egemtv.com\/index.php?rest_route=%2Fwp%2Fv2%2Fcomments&post=99689"}],"version-history":[{"count":1,"href":"https:\/\/www.egemtv.com\/index.php?rest_route=\/wp\/v2\/posts\/99689\/revisions"}],"predecessor-version":[{"id":99691,"href":"https:\/\/www.egemtv.com\/index.php?rest_route=\/wp\/v2\/posts\/99689\/revisions\/99691"}],"wp:featuredmedia":[{"embeddable":true,"href":"https:\/\/www.egemtv.com\/index.php?rest_route=\/wp\/v2\/media\/99690"}],"wp:attachment":[{"href":"https:\/\/www.egemtv.com\/index.php?rest_route=%2Fwp%2Fv2%2Fmedia&parent=99689"}],"wp:term":[{"taxonomy":"category","embeddable":true,"href":"https:\/\/www.egemtv.com\/index.php?rest_route=%2Fwp%2Fv2%2Fcategories&post=99689"},{"taxonomy":"post_tag","embeddable":true,"href":"https:\/\/www.egemtv.com\/index.php?rest_route=%2Fwp%2Fv2%2Ftags&post=99689"}],"curies":[{"name":"wp","href":"https:\/\/api.w.org\/{rel}","templated":true}]}}