{"id":99686,"date":"2026-04-30T13:20:51","date_gmt":"2026-04-30T10:20:51","guid":{"rendered":"https:\/\/www.egemtv.com\/?p=99686"},"modified":"2026-04-30T13:20:52","modified_gmt":"2026-04-30T10:20:52","slug":"dikilide-kafedeki-saldiriya-6-tutuklama","status":"publish","type":"post","link":"https:\/\/www.egemtv.com\/?p=99686","title":{"rendered":"Dikili\u2019de kafedeki sald\u0131r\u0131ya 6 tutuklama"},"content":{"rendered":"<p>\u0130zmir\u2019in Dikili il\u00e7esinde bir kafede \u00e7\u0131kan tart\u0131\u015fma sonras\u0131 ya\u015fanan kavgada, olaya kar\u0131\u015fan 8 \u015f\u00fcpheliden 2\u2019si adli kontrol \u015fart\u0131 ile serbest kal\u0131rken, 6 ki\u015fi ise tutuklanarak cezaevine g\u00f6nderildi.<br \/>\n<br \/>Dikili il\u00e7esine ba\u011fl\u0131 \u00c7andarl\u0131 Mahallesi\u2019nde ge\u00e7ti\u011fimiz g\u00fcnlerde meydana gelen olayda, iddiaya g\u00f6re bir kafede iki taraf aras\u0131nda \u00e7\u0131kan tart\u0131\u015fma daha sonra kavgaya d\u00f6n\u00fc\u015ft\u00fc. \u0130lerleyen dakikalarda taraflardan birine destek i\u00e7in otob\u00fcsle olay yerine gelen kalabal\u0131k grubun kavgaya kar\u0131\u015fmas\u0131 \u00fczerine sandalyeler havada u\u00e7u\u015ftu. Tekme ve yumruklarla taraflar birbirine girerken, olayda bir ki\u015fi b\u0131\u00e7akla yaraland\u0131.<br \/>\n<br \/>Bir \u015fahs\u0131n cep telefonu kameras\u0131na yans\u0131yan g\u00f6r\u00fcnt\u00fclerde, ya\u015fanan arbede s\u0131ras\u0131nda taraflar\u0131n birbirini kovalad\u0131\u011f\u0131 ve \u00e7evrede b\u00fcy\u00fck panik ya\u015fand\u0131\u011f\u0131 g\u00f6r\u00fcld\u00fc. Baz\u0131 ki\u015filerin yere d\u00fc\u015ft\u00fc\u011f\u00fc ve kalabal\u0131\u011f\u0131n i\u00e7inde s\u00fcr\u00fcklendi\u011fi anlar dikkat \u00e7ekti.<br \/>\n<br \/>Olay\u0131n ard\u0131ndan kavgaya kar\u0131\u015fanlar tek tek g\u00f6zalt\u0131na al\u0131nd\u0131. Mahkemeye sevk edilen 8 \u015f\u00fcpheliden T. A. ve U. A., haklar\u0131nda  adli kontrol tedbiri uygulanarak serbest b\u0131rak\u0131l\u0131rken, Nesimi K., \u015eerif A. G., H\u00fcseyin K. Mehmet A. K., Mustafa \u00c7. ve Sezer K. tutuklanarak cezaevine g\u00f6nderildi.<br \/>\n<br \/>Olayla ilgili g\u00fcvenlik kameras\u0131 g\u00f6r\u00fcnt\u00fclerinin de incelemeye al\u0131nd\u0131\u011f\u0131 \u00f6\u011frenilirken, soru\u015fturman\u0131n \u00e7ok y\u00f6nl\u00fc olarak s\u00fcrd\u00fc\u011f\u00fc belirtildi. \u00d6te yandan, olay sonras\u0131 baz\u0131 sosyal medya hesaplar\u0131 \u00fczerinden halk\u0131 kin ve d\u00fc\u015fmanl\u0131\u011fa sevk edebilecek i\u00e7eriklerle ilgili de tahkikat ba\u015flat\u0131ld\u0131\u011f\u0131 bildirildi.<br \/><\/p>\n","protected":false},"excerpt":{"rendered":"<p>\u0130zmir\u2019in Dikili il\u00e7esinde bir kafede \u00e7\u0131kan tart\u0131\u015fma sonras\u0131 ya\u015fanan kavgada, olaya kar\u0131\u015fan 8 \u015f\u00fcpheliden 2\u2019si adli kontrol \u015fart\u0131 ile serbest kal\u0131rken, 6 ki\u015fi ise tutuklanarak cezaevine g\u00f6nderildi. Dikili il\u00e7esine ba\u011fl\u0131 \u00c7andarl\u0131 Mahallesi\u2019nde ge\u00e7ti\u011fimiz g\u00fcnlerde meydana gelen olayda, iddiaya g\u00f6re bir kafede iki taraf aras\u0131nda \u00e7\u0131kan tart\u0131\u015fma daha sonra kavgaya d\u00f6n\u00fc\u015ft\u00fc. \u0130lerleyen dakikalarda taraflardan birine destek&#8230;<\/p>\n","protected":false},"author":1,"featured_media":99687,"comment_status":"open","ping_status":"open","sticky":false,"template":"","format":"standard","meta":{"_crdt_document":"","footnotes":""},"categories":[5],"tags":[],"class_list":["post-99686","post","type-post","status-publish","format-standard","has-post-thumbnail","hentry","category-asayis"],"_links":{"self":[{"href":"https:\/\/www.egemtv.com\/index.php?rest_route=\/wp\/v2\/posts\/99686","targetHints":{"allow":["GET"]}}],"collection":[{"href":"https:\/\/www.egemtv.com\/index.php?rest_route=\/wp\/v2\/posts"}],"about":[{"href":"https:\/\/www.egemtv.com\/index.php?rest_route=\/wp\/v2\/types\/post"}],"author":[{"embeddable":true,"href":"https:\/\/www.egemtv.com\/index.php?rest_route=\/wp\/v2\/users\/1"}],"replies":[{"embeddable":true,"href":"https:\/\/www.egemtv.com\/index.php?rest_route=%2Fwp%2Fv2%2Fcomments&post=99686"}],"version-history":[{"count":1,"href":"https:\/\/www.egemtv.com\/index.php?rest_route=\/wp\/v2\/posts\/99686\/revisions"}],"predecessor-version":[{"id":99688,"href":"https:\/\/www.egemtv.com\/index.php?rest_route=\/wp\/v2\/posts\/99686\/revisions\/99688"}],"wp:featuredmedia":[{"embeddable":true,"href":"https:\/\/www.egemtv.com\/index.php?rest_route=\/wp\/v2\/media\/99687"}],"wp:attachment":[{"href":"https:\/\/www.egemtv.com\/index.php?rest_route=%2Fwp%2Fv2%2Fmedia&parent=99686"}],"wp:term":[{"taxonomy":"category","embeddable":true,"href":"https:\/\/www.egemtv.com\/index.php?rest_route=%2Fwp%2Fv2%2Fcategories&post=99686"},{"taxonomy":"post_tag","embeddable":true,"href":"https:\/\/www.egemtv.com\/index.php?rest_route=%2Fwp%2Fv2%2Ftags&post=99686"}],"curies":[{"name":"wp","href":"https:\/\/api.w.org\/{rel}","templated":true}]}}