{"id":99683,"date":"2026-04-30T13:20:48","date_gmt":"2026-04-30T10:20:48","guid":{"rendered":"https:\/\/www.egemtv.com\/?p=99683"},"modified":"2026-04-30T13:20:51","modified_gmt":"2026-04-30T10:20:51","slug":"merkezefendi-basketbol-takimi-egitime-destek-amaciyla-parkeye-cikti","status":"publish","type":"post","link":"https:\/\/www.egemtv.com\/?p=99683","title":{"rendered":"Merkezefendi Basketbol Tak\u0131m\u0131 e\u011fitime destek amac\u0131yla parkeye \u00e7\u0131kt\u0131"},"content":{"rendered":"<p>Yukatel Merkezefendi Belediyesi Basket Tak\u0131m\u0131 ile Denizli Gen\u00e7 \u0130\u015f \u0130nsanlar\u0131 Derne\u011fi Basket Tak\u0131m\u0131 aras\u0131nda d\u00fczenlenen \u2019E\u011fitime Destek Ma\u00e7\u0131\u2019, PA\u00dc Arena\u2019da oynand\u0131. Merkezefendi Belediye Ba\u015fkan\u0131 \u015eeniz Do\u011fan, &#8220;Dayan\u0131\u015fmay\u0131 b\u00fcy\u00fctmeye, gen\u00e7lerimizin yan\u0131nda olmaya devam edece\u011fiz&#8221; dedi.<br \/>\n<br \/>Merkezefendi Belediyesi\u2019nin e\u011fitime destek \u00e7al\u0131\u015fmalar\u0131 kapsam\u0131nda, Denizli \u00d6zel Cerrahi Hastanesi sponsorlu\u011fuyla \u2019E\u011fitime Destek Ma\u00e7\u0131\u2019 d\u00fczenlendi. Yukatel Merkezefendi Belediyesi Basket Tak\u0131m\u0131 ile Denizli Gen\u00e7 \u0130\u015f \u0130nsanlar\u0131 Derne\u011fi Basket Tak\u0131m\u0131 oyuncular\u0131n\u0131n karma olarak kar\u015f\u0131la\u015ft\u0131\u011f\u0131 ma\u00e7lar keyifli anlara sahne oldu. Dostluk ve dayan\u0131\u015fman\u0131n \u00f6n planda oldu\u011fu kar\u015f\u0131la\u015fmalar ile fark\u0131ndal\u0131k olu\u015fturuldu. Kar\u015f\u0131la\u015fmadan elde edilen t\u00fcm gelir, T\u00fcrk E\u011fitim Vakf\u0131 arac\u0131l\u0131\u011f\u0131yla \u00fcniversite \u00f6\u011frencilerinin e\u011fitimine destek olmak \u00fczere ba\u011f\u0131\u015flanacak.<\/p>\n<p>Zerrin \u00c7elik: &#8220;Sosyal sorumlulu\u011fun bilinciyle projelere destek sa\u011flamaya devam edece\u011fiz&#8221;<br \/>\n<br \/>\u00d6\u011frencilere burs sa\u011flamak amac\u0131yla d\u00fczenlenen etkinli\u011fe ana sponsor olmaktan b\u00fcy\u00fck mutluluk duyduklar\u0131n\u0131 ifade eden Denizli \u00d6zel Cerrahi Hastanesi Y\u00f6netim Kurulu Ba\u015fkan\u0131 Dr. Zerrin \u00c7elik, &#8220;Denizli \u00d6zel Cerrahi Hastanesi olarak, T\u00fcrk E\u011fitim Vakf\u0131 arac\u0131l\u0131\u011f\u0131 ile \u00f6\u011frencilere destek amac\u0131yla d\u00fczenlenen b\u00f6yle bir etkinli\u011fe sponsor olmaktan b\u00fcy\u00fck mutluluk duyuyoruz. E\u011fitim, bizim \u00e7ok de\u011fer verdi\u011fimiz ve son derece \u00f6nemsedi\u011fimiz bir konu. Bu do\u011frultuda gen\u00e7lere katk\u0131 sa\u011flamak ve e\u011fitimi desteklemek ad\u0131na etkinli\u011fin ana sponsoru olmaktan ayr\u0131ca memnuniyet duyuyoruz. Bu t\u00fcr etkinlikleri her zaman desteklemeyi isteriz. Toplumsal g\u00f6revlerinin ve sosyal sorumlulu\u011funun bilincinde olan bir kurulu\u015f olarak, bundan sonra da benzer projelere katk\u0131 sunmaya devam edece\u011fiz&#8221; \u015feklinde konu\u015ftu.<\/p>\n<p>\u015eeniz Do\u011fan: &#8220;Gen\u00e7lerimize destek olmaktan b\u00fcy\u00fck mutluluk duyuyoruz&#8221;<br \/>\n<br \/>Merkezefendi Belediye Ba\u015fkan\u0131 \u015eeniz Do\u011fan ise e\u011fitime verilen deste\u011fin \u00f6nemine dikkat \u00e7ekti. Ba\u015fkan Do\u011fan, &#8220;Gen\u00e7lerimizin e\u011fitimine katk\u0131 sunmak, onlar\u0131n yar\u0131nlara daha g\u00fc\u00e7l\u00fc haz\u0131rlanmas\u0131na destek olmak hepimizin sorumlulu\u011fu. Sahaya \u00e7\u0131kan sporcular\u0131m\u0131za, katk\u0131 sunan payda\u015flar\u0131m\u0131za ve trib\u00fcnlerde bizleri yaln\u0131z b\u0131rakmayan t\u00fcm hem\u015fehrilerimize te\u015fekk\u00fcr ediyorum. Sporun birle\u015ftirici g\u00fcc\u00fcyle bir araya gelerek gen\u00e7lerimizin e\u011fitimine katk\u0131 sa\u011flamaktan b\u00fcy\u00fck mutluluk duyuyoruz. Bu t\u00fcr sosyal sorumluluk projelerini s\u00fcrd\u00fcrmeye devam edece\u011fiz&#8221; ifadelerini kulland\u0131.<br \/><\/p>\n","protected":false},"excerpt":{"rendered":"<p>Yukatel Merkezefendi Belediyesi Basket Tak\u0131m\u0131 ile Denizli Gen\u00e7 \u0130\u015f \u0130nsanlar\u0131 Derne\u011fi Basket Tak\u0131m\u0131 aras\u0131nda d\u00fczenlenen \u2019E\u011fitime Destek Ma\u00e7\u0131\u2019, PA\u00dc Arena\u2019da oynand\u0131. Merkezefendi Belediye Ba\u015fkan\u0131 \u015eeniz Do\u011fan, &#8220;Dayan\u0131\u015fmay\u0131 b\u00fcy\u00fctmeye, gen\u00e7lerimizin yan\u0131nda olmaya devam edece\u011fiz&#8221; dedi. Merkezefendi Belediyesi\u2019nin e\u011fitime destek \u00e7al\u0131\u015fmalar\u0131 kapsam\u0131nda, Denizli \u00d6zel Cerrahi Hastanesi sponsorlu\u011fuyla \u2019E\u011fitime Destek Ma\u00e7\u0131\u2019 d\u00fczenlendi. Yukatel Merkezefendi Belediyesi Basket Tak\u0131m\u0131 ile&#8230;<\/p>\n","protected":false},"author":1,"featured_media":99684,"comment_status":"open","ping_status":"open","sticky":false,"template":"","format":"standard","meta":{"_crdt_document":"","footnotes":""},"categories":[4],"tags":[],"class_list":["post-99683","post","type-post","status-publish","format-standard","has-post-thumbnail","hentry","category-spor"],"_links":{"self":[{"href":"https:\/\/www.egemtv.com\/index.php?rest_route=\/wp\/v2\/posts\/99683","targetHints":{"allow":["GET"]}}],"collection":[{"href":"https:\/\/www.egemtv.com\/index.php?rest_route=\/wp\/v2\/posts"}],"about":[{"href":"https:\/\/www.egemtv.com\/index.php?rest_route=\/wp\/v2\/types\/post"}],"author":[{"embeddable":true,"href":"https:\/\/www.egemtv.com\/index.php?rest_route=\/wp\/v2\/users\/1"}],"replies":[{"embeddable":true,"href":"https:\/\/www.egemtv.com\/index.php?rest_route=%2Fwp%2Fv2%2Fcomments&post=99683"}],"version-history":[{"count":1,"href":"https:\/\/www.egemtv.com\/index.php?rest_route=\/wp\/v2\/posts\/99683\/revisions"}],"predecessor-version":[{"id":99685,"href":"https:\/\/www.egemtv.com\/index.php?rest_route=\/wp\/v2\/posts\/99683\/revisions\/99685"}],"wp:featuredmedia":[{"embeddable":true,"href":"https:\/\/www.egemtv.com\/index.php?rest_route=\/wp\/v2\/media\/99684"}],"wp:attachment":[{"href":"https:\/\/www.egemtv.com\/index.php?rest_route=%2Fwp%2Fv2%2Fmedia&parent=99683"}],"wp:term":[{"taxonomy":"category","embeddable":true,"href":"https:\/\/www.egemtv.com\/index.php?rest_route=%2Fwp%2Fv2%2Fcategories&post=99683"},{"taxonomy":"post_tag","embeddable":true,"href":"https:\/\/www.egemtv.com\/index.php?rest_route=%2Fwp%2Fv2%2Ftags&post=99683"}],"curies":[{"name":"wp","href":"https:\/\/api.w.org\/{rel}","templated":true}]}}