{"id":99674,"date":"2026-04-30T11:35:45","date_gmt":"2026-04-30T08:35:45","guid":{"rendered":"https:\/\/www.egemtv.com\/?p=99674"},"modified":"2026-04-30T11:35:47","modified_gmt":"2026-04-30T08:35:47","slug":"sehit-polis-serkan-hizli-izmirden-dualarla-ugurlandi","status":"publish","type":"post","link":"https:\/\/www.egemtv.com\/?p=99674","title":{"rendered":"\u015eehit Polis Serkan H\u0131zl\u0131, \u0130zmir\u2019den dualarla u\u011furland\u0131"},"content":{"rendered":"<p>\u0130zmir\u2019de meydana gelen trafik kazas\u0131nda g\u00f6rev ba\u015f\u0131ndayken \u015fehit d\u00fc\u015fen polis memuru Serkan H\u0131zl\u0131, \u00c7evik Kuvvet \u015eube M\u00fcd\u00fcrl\u00fc\u011f\u00fcnde d\u00fczenlenen t\u00f6renin ard\u0131ndan memleketi Manisa\u2019n\u0131n Akhisar il\u00e7esine g\u00f6zya\u015flar\u0131 ve dualarla u\u011furland\u0131.<br \/>\n<br \/>\u0130zmir\u2019in Bornova il\u00e7esinde meydana gelen trafik kazas\u0131nda polis memuru Serkan H\u0131zl\u0131 \u015fehit olmu\u015f, motosiklet s\u00fcr\u00fcc\u00fcs\u00fc G\u00f6khan Vardar ile t\u0131r s\u00fcr\u00fcc\u00fcs\u00fc \u0130smail \u00c7oban da hayat\u0131n\u0131 kaybetti. Kazada Serkan H\u0131zl\u0131\u2019n\u0131n meslekta\u015f\u0131 Hakan \u00d6zdemir ile E.T., F.T. ve G.Y. isimli vatanda\u015flar yaralanm\u0131\u015ft\u0131. \u015eehit polis memuru Serkan H\u0131zl\u0131 i\u00e7in bug\u00fcn \u0130zmir \u0130l Emniyet M\u00fcd\u00fcrl\u00fc\u011f\u00fc \u00c7evik Kuvvet \u015eube M\u00fcd\u00fcrl\u00fc\u011f\u00fcnde resmi u\u011furlama t\u00f6reni ger\u00e7ekle\u015ftirildi.<\/p>\n<p>Protokol ve meslekta\u015flar\u0131 yaln\u0131z b\u0131rakmad\u0131<br \/>\n<br \/>T\u00f6rene; \u015fehidin ac\u0131l\u0131 annesi Hatice H\u0131zl\u0131, babas\u0131 Enver H\u0131zl\u0131 ve karde\u015finin yan\u0131 s\u0131ra, Emniyet Genel M\u00fcd\u00fcr Yard\u0131mc\u0131s\u0131 Mahmut \u00c7orumlu, \u0130zmir Valisi S\u00fcleyman Elban, \u0130zmir Cumhuriyet Ba\u015fsavc\u0131s\u0131 Ali Yeldan, Ege Ordusu ve Garnizon Komutan\u0131 Orgeneral \u0130rfan \u00d6zsert, Sahil G\u00fcvenlik Ege Deniz B\u00f6lge Komutan\u0131 T\u00fcmamiral Tayfun Pa\u015fao\u011flu, \u0130l Emniyet M\u00fcd\u00fcr\u00fc Celal Sel, \u0130l Jandarma Komutan\u0131 T\u00fcmgeneral Metin D\u00fcz ile \u00e7ok say\u0131da emniyet mensubu kat\u0131ld\u0131.<\/p>\n<p>Dualarla Akhisar\u2019a u\u011furland\u0131<br \/>\n<br \/>Sayg\u0131 duru\u015funda bulunulmas\u0131 ve \u015fehidin \u00f6zge\u00e7mi\u015finin okunmas\u0131yla ba\u015flayan t\u00f6rende duygu dolu anlar ya\u015fand\u0131. Bekar ve bir karde\u015f sahibi oldu\u011fu \u00f6\u011frenilen Serkan H\u0131zl\u0131\u2019n\u0131n; 20 Haziran 2013 tarihinde Tekirda\u011f Emniyet M\u00fcd\u00fcrl\u00fc\u011f\u00fcnde mesle\u011fe ba\u015flad\u0131\u011f\u0131, \u015e\u0131rnak Emniyet M\u00fcd\u00fcrl\u00fc\u011f\u00fcndeki \u015fark g\u00f6revini tamamlad\u0131ktan sonra 2 Eyl\u00fcl 2019 tarihinden bu yana \u0130zmir\u2019de g\u00f6rev yapt\u0131\u011f\u0131 belirtildi.<br \/>\n<br \/>Kur\u2019an-\u0131 Kerim tilaveti ve \u0130l M\u00fcft\u00fcs\u00fc taraf\u0131ndan k\u0131ld\u0131r\u0131lan duan\u0131n ard\u0131ndan t\u00f6ren sona erdi. \u015eehit polis memuru Serkan H\u0131zl\u0131\u2019n\u0131n T\u00fcrk bayra\u011f\u0131na sar\u0131l\u0131 naa\u015f\u0131, meslekta\u015flar\u0131n\u0131n omuzlar\u0131nda cenaze arac\u0131na ta\u015f\u0131narak son yolculu\u011funa u\u011furlanmak \u00fczere memleketi Manisa\u2019n\u0131n Akhisar il\u00e7esine g\u00f6nderildi.<br \/>\n<br \/>\u00d6te yandan, kazada yaralanan polis memuru Hakan \u00d6zdemir ile di\u011fer yaral\u0131 vatanda\u015flar\u0131n hastanedeki tedavilerinin s\u00fcrd\u00fc\u011f\u00fc ve olayla ilgili ba\u015flat\u0131lan soru\u015fturman\u0131n devam etti\u011fi \u00f6\u011frenildi.<br \/><\/p>\n","protected":false},"excerpt":{"rendered":"<p>\u0130zmir\u2019de meydana gelen trafik kazas\u0131nda g\u00f6rev ba\u015f\u0131ndayken \u015fehit d\u00fc\u015fen polis memuru Serkan H\u0131zl\u0131, \u00c7evik Kuvvet \u015eube M\u00fcd\u00fcrl\u00fc\u011f\u00fcnde d\u00fczenlenen t\u00f6renin ard\u0131ndan memleketi Manisa\u2019n\u0131n Akhisar il\u00e7esine g\u00f6zya\u015flar\u0131 ve dualarla u\u011furland\u0131. \u0130zmir\u2019in Bornova il\u00e7esinde meydana gelen trafik kazas\u0131nda polis memuru Serkan H\u0131zl\u0131 \u015fehit olmu\u015f, motosiklet s\u00fcr\u00fcc\u00fcs\u00fc G\u00f6khan Vardar ile t\u0131r s\u00fcr\u00fcc\u00fcs\u00fc \u0130smail \u00c7oban da hayat\u0131n\u0131 kaybetti. Kazada Serkan&#8230;<\/p>\n","protected":false},"author":1,"featured_media":99675,"comment_status":"open","ping_status":"open","sticky":false,"template":"","format":"standard","meta":{"_crdt_document":"","footnotes":""},"categories":[1],"tags":[],"class_list":["post-99674","post","type-post","status-publish","format-standard","has-post-thumbnail","hentry","category-guncel"],"_links":{"self":[{"href":"https:\/\/www.egemtv.com\/index.php?rest_route=\/wp\/v2\/posts\/99674","targetHints":{"allow":["GET"]}}],"collection":[{"href":"https:\/\/www.egemtv.com\/index.php?rest_route=\/wp\/v2\/posts"}],"about":[{"href":"https:\/\/www.egemtv.com\/index.php?rest_route=\/wp\/v2\/types\/post"}],"author":[{"embeddable":true,"href":"https:\/\/www.egemtv.com\/index.php?rest_route=\/wp\/v2\/users\/1"}],"replies":[{"embeddable":true,"href":"https:\/\/www.egemtv.com\/index.php?rest_route=%2Fwp%2Fv2%2Fcomments&post=99674"}],"version-history":[{"count":1,"href":"https:\/\/www.egemtv.com\/index.php?rest_route=\/wp\/v2\/posts\/99674\/revisions"}],"predecessor-version":[{"id":99676,"href":"https:\/\/www.egemtv.com\/index.php?rest_route=\/wp\/v2\/posts\/99674\/revisions\/99676"}],"wp:featuredmedia":[{"embeddable":true,"href":"https:\/\/www.egemtv.com\/index.php?rest_route=\/wp\/v2\/media\/99675"}],"wp:attachment":[{"href":"https:\/\/www.egemtv.com\/index.php?rest_route=%2Fwp%2Fv2%2Fmedia&parent=99674"}],"wp:term":[{"taxonomy":"category","embeddable":true,"href":"https:\/\/www.egemtv.com\/index.php?rest_route=%2Fwp%2Fv2%2Fcategories&post=99674"},{"taxonomy":"post_tag","embeddable":true,"href":"https:\/\/www.egemtv.com\/index.php?rest_route=%2Fwp%2Fv2%2Ftags&post=99674"}],"curies":[{"name":"wp","href":"https:\/\/api.w.org\/{rel}","templated":true}]}}