{"id":99671,"date":"2026-04-30T11:01:12","date_gmt":"2026-04-30T08:01:12","guid":{"rendered":"https:\/\/www.egemtv.com\/?p=99671"},"modified":"2026-04-30T11:01:14","modified_gmt":"2026-04-30T08:01:14","slug":"kutahya-sehir-hastanesinde-diyabet-egitimi","status":"publish","type":"post","link":"https:\/\/www.egemtv.com\/?p=99671","title":{"rendered":"K\u00fctahya \u015eehir Hastanesi\u2019nde diyabet e\u011fitimi"},"content":{"rendered":"<p>K\u00fctahya \u015eehir Hastanesi taraf\u0131ndan d\u00fczenlenen 2026 y\u0131l\u0131n\u0131n ilk diyabet okulu e\u011fitimi ba\u015far\u0131yla tamamland\u0131. Hastane toplant\u0131 salonunda ger\u00e7ekle\u015ftirilen programa 30 ki\u015fi kat\u0131ld\u0131.<br \/>\n<br \/>\u0130ki g\u00fcn s\u00fcren e\u011fitim kapsam\u0131nda, farkl\u0131 bran\u015flardan 6 uzman hekim ile birlikte diyetisyen ve hem\u015fireler g\u00f6rev ald\u0131. Kat\u0131l\u0131mc\u0131lara diyabet hastal\u0131\u011f\u0131n\u0131n y\u00f6netimi, beslenme d\u00fczeni, ila\u00e7 kullan\u0131m\u0131, fiziksel aktivitenin \u00f6nemi ve g\u00fcnl\u00fck ya\u015famda dikkat edilmesi gereken hususlar hakk\u0131nda kapsaml\u0131 bilgiler verildi.<br \/>\n<br \/>E\u011fitim s\u00fcresince teorik bilgilerin yan\u0131 s\u0131ra pratik uygulamalara da yer verilerek, kat\u0131l\u0131mc\u0131lar\u0131n diyabetle ba\u015fa \u00e7\u0131kma konusunda bilin\u00e7 d\u00fczeylerinin art\u0131r\u0131lmas\u0131 hedeflendi. Program boyunca kat\u0131l\u0131mc\u0131lar, uzmanlara sorular y\u00f6nelterek merak ettikleri konular hakk\u0131nda detayl\u0131 bilgi alma imk\u00e2n\u0131 buldu.<br \/>\n<br \/>E\u011fitim sonunda programa kat\u0131lan bireylere kat\u0131l\u0131m belgeleri takdim edildi.<br \/><\/p>\n","protected":false},"excerpt":{"rendered":"<p>K\u00fctahya \u015eehir Hastanesi taraf\u0131ndan d\u00fczenlenen 2026 y\u0131l\u0131n\u0131n ilk diyabet okulu e\u011fitimi ba\u015far\u0131yla tamamland\u0131. Hastane toplant\u0131 salonunda ger\u00e7ekle\u015ftirilen programa 30 ki\u015fi kat\u0131ld\u0131. \u0130ki g\u00fcn s\u00fcren e\u011fitim kapsam\u0131nda, farkl\u0131 bran\u015flardan 6 uzman hekim ile birlikte diyetisyen ve hem\u015fireler g\u00f6rev ald\u0131. Kat\u0131l\u0131mc\u0131lara diyabet hastal\u0131\u011f\u0131n\u0131n y\u00f6netimi, beslenme d\u00fczeni, ila\u00e7 kullan\u0131m\u0131, fiziksel aktivitenin \u00f6nemi ve g\u00fcnl\u00fck ya\u015famda dikkat edilmesi gereken&#8230;<\/p>\n","protected":false},"author":1,"featured_media":99672,"comment_status":"open","ping_status":"open","sticky":false,"template":"","format":"standard","meta":{"_crdt_document":"","footnotes":""},"categories":[2],"tags":[],"class_list":["post-99671","post","type-post","status-publish","format-standard","has-post-thumbnail","hentry","category-saglik"],"_links":{"self":[{"href":"https:\/\/www.egemtv.com\/index.php?rest_route=\/wp\/v2\/posts\/99671","targetHints":{"allow":["GET"]}}],"collection":[{"href":"https:\/\/www.egemtv.com\/index.php?rest_route=\/wp\/v2\/posts"}],"about":[{"href":"https:\/\/www.egemtv.com\/index.php?rest_route=\/wp\/v2\/types\/post"}],"author":[{"embeddable":true,"href":"https:\/\/www.egemtv.com\/index.php?rest_route=\/wp\/v2\/users\/1"}],"replies":[{"embeddable":true,"href":"https:\/\/www.egemtv.com\/index.php?rest_route=%2Fwp%2Fv2%2Fcomments&post=99671"}],"version-history":[{"count":1,"href":"https:\/\/www.egemtv.com\/index.php?rest_route=\/wp\/v2\/posts\/99671\/revisions"}],"predecessor-version":[{"id":99673,"href":"https:\/\/www.egemtv.com\/index.php?rest_route=\/wp\/v2\/posts\/99671\/revisions\/99673"}],"wp:featuredmedia":[{"embeddable":true,"href":"https:\/\/www.egemtv.com\/index.php?rest_route=\/wp\/v2\/media\/99672"}],"wp:attachment":[{"href":"https:\/\/www.egemtv.com\/index.php?rest_route=%2Fwp%2Fv2%2Fmedia&parent=99671"}],"wp:term":[{"taxonomy":"category","embeddable":true,"href":"https:\/\/www.egemtv.com\/index.php?rest_route=%2Fwp%2Fv2%2Fcategories&post=99671"},{"taxonomy":"post_tag","embeddable":true,"href":"https:\/\/www.egemtv.com\/index.php?rest_route=%2Fwp%2Fv2%2Ftags&post=99671"}],"curies":[{"name":"wp","href":"https:\/\/api.w.org\/{rel}","templated":true}]}}