{"id":99668,"date":"2026-04-30T11:01:06","date_gmt":"2026-04-30T08:01:06","guid":{"rendered":"https:\/\/www.egemtv.com\/?p=99668"},"modified":"2026-04-30T11:01:11","modified_gmt":"2026-04-30T08:01:11","slug":"koycegizde-el-ele-projesi-ile-gonuller-bulustu","status":"publish","type":"post","link":"https:\/\/www.egemtv.com\/?p=99668","title":{"rendered":"K\u00f6yce\u011fiz\u2019de \u2019El Ele Projesi\u2019 ile g\u00f6n\u00fcller bulu\u015ftu"},"content":{"rendered":"<p>Mu\u011fla\u2019n\u0131n K\u00f6yce\u011fiz il\u00e7esinde sosyal dayan\u0131\u015fmay\u0131 g\u00fc\u00e7lendirmeyi hedefleyen anlaml\u0131 bir proje daha hayata ge\u00e7irildi.<\/p>\n<p>K\u00f6yce\u011fiz Gen\u00e7lik Merkezi ve K\u00f6yce\u011fiz \u00c7evre ve Do\u011fa Toplulu\u011fu taraf\u0131ndan \u00dcnides program\u0131 kapsam\u0131nda haz\u0131rlanan \u2019El Ele Projesi\u2019 kabul edilerek uygulanmaya ba\u015fland\u0131. Proje kapsam\u0131nda, \u00f6zel bireyler ile g\u00f6n\u00fcll\u00fc \u00fcniversite \u00f6\u011frencileri bir araya getirilerek aralar\u0131nda g\u00fc\u00e7l\u00fc bir sosyal ba\u011f kurulmas\u0131 ve kar\u015f\u0131l\u0131kl\u0131 etkile\u015fimin art\u0131r\u0131lmas\u0131 ama\u00e7lan\u0131yor. Bu do\u011frultuda K\u00f6yce\u011fiz Gen\u00e7lik Merkezi\u2019nde ger\u00e7ekle\u015ftirilen etkinliklerde el sanatlar\u0131 faaliyetleri d\u00fczenlenirken, spor salonunda verilen floor curling e\u011fitimleri ile \u00e7ocuklar\u0131n motor becerilerinin geli\u015ftirilmesi hedefleniyor.<\/p>\n<p>Proje sonunda, \u00f6zel bireyler ve g\u00f6n\u00fcll\u00fc \u00f6\u011frencilerin kat\u0131l\u0131m\u0131yla toplam 30 gencin yer alaca\u011f\u0131 bir floor curling turnuvas\u0131 d\u00fczenlenecek. Yetkililer, \u2019El Ele Projesi\u2019nin yaln\u0131zca proje s\u00fcresiyle s\u0131n\u0131rl\u0131 kalmayarak y\u0131l boyunca devam eden ve s\u00fcrd\u00fcr\u00fclebilir bir sosyal sorumluluk \u00e7al\u0131\u015fmas\u0131na d\u00f6n\u00fc\u015ft\u00fcr\u00fclmesini hedeflediklerini belirtti.<br \/><\/p>\n","protected":false},"excerpt":{"rendered":"<p>Mu\u011fla\u2019n\u0131n K\u00f6yce\u011fiz il\u00e7esinde sosyal dayan\u0131\u015fmay\u0131 g\u00fc\u00e7lendirmeyi hedefleyen anlaml\u0131 bir proje daha hayata ge\u00e7irildi. K\u00f6yce\u011fiz Gen\u00e7lik Merkezi ve K\u00f6yce\u011fiz \u00c7evre ve Do\u011fa Toplulu\u011fu taraf\u0131ndan \u00dcnides program\u0131 kapsam\u0131nda haz\u0131rlanan \u2019El Ele Projesi\u2019 kabul edilerek uygulanmaya ba\u015fland\u0131. Proje kapsam\u0131nda, \u00f6zel bireyler ile g\u00f6n\u00fcll\u00fc \u00fcniversite \u00f6\u011frencileri bir araya getirilerek aralar\u0131nda g\u00fc\u00e7l\u00fc bir sosyal ba\u011f kurulmas\u0131 ve kar\u015f\u0131l\u0131kl\u0131 etkile\u015fimin art\u0131r\u0131lmas\u0131&#8230;<\/p>\n","protected":false},"author":1,"featured_media":99669,"comment_status":"open","ping_status":"open","sticky":false,"template":"","format":"standard","meta":{"_crdt_document":"","footnotes":""},"categories":[1],"tags":[],"class_list":["post-99668","post","type-post","status-publish","format-standard","has-post-thumbnail","hentry","category-guncel"],"_links":{"self":[{"href":"https:\/\/www.egemtv.com\/index.php?rest_route=\/wp\/v2\/posts\/99668","targetHints":{"allow":["GET"]}}],"collection":[{"href":"https:\/\/www.egemtv.com\/index.php?rest_route=\/wp\/v2\/posts"}],"about":[{"href":"https:\/\/www.egemtv.com\/index.php?rest_route=\/wp\/v2\/types\/post"}],"author":[{"embeddable":true,"href":"https:\/\/www.egemtv.com\/index.php?rest_route=\/wp\/v2\/users\/1"}],"replies":[{"embeddable":true,"href":"https:\/\/www.egemtv.com\/index.php?rest_route=%2Fwp%2Fv2%2Fcomments&post=99668"}],"version-history":[{"count":1,"href":"https:\/\/www.egemtv.com\/index.php?rest_route=\/wp\/v2\/posts\/99668\/revisions"}],"predecessor-version":[{"id":99670,"href":"https:\/\/www.egemtv.com\/index.php?rest_route=\/wp\/v2\/posts\/99668\/revisions\/99670"}],"wp:featuredmedia":[{"embeddable":true,"href":"https:\/\/www.egemtv.com\/index.php?rest_route=\/wp\/v2\/media\/99669"}],"wp:attachment":[{"href":"https:\/\/www.egemtv.com\/index.php?rest_route=%2Fwp%2Fv2%2Fmedia&parent=99668"}],"wp:term":[{"taxonomy":"category","embeddable":true,"href":"https:\/\/www.egemtv.com\/index.php?rest_route=%2Fwp%2Fv2%2Fcategories&post=99668"},{"taxonomy":"post_tag","embeddable":true,"href":"https:\/\/www.egemtv.com\/index.php?rest_route=%2Fwp%2Fv2%2Ftags&post=99668"}],"curies":[{"name":"wp","href":"https:\/\/api.w.org\/{rel}","templated":true}]}}