{"id":99665,"date":"2026-04-30T10:25:42","date_gmt":"2026-04-30T07:25:42","guid":{"rendered":"https:\/\/www.egemtv.com\/?p=99665"},"modified":"2026-04-30T10:25:44","modified_gmt":"2026-04-30T07:25:44","slug":"bahar-ve-kis-mevsimi-ayni-anda-goruntulendi-ortaya-essiz-manzara-cikti","status":"publish","type":"post","link":"https:\/\/www.egemtv.com\/?p=99665","title":{"rendered":"Bahar ve k\u0131\u015f mevsimi ayn\u0131 anda g\u00f6r\u00fcnt\u00fclendi, ortaya e\u015fsiz manzara \u00e7\u0131kt\u0131"},"content":{"rendered":"<p>Afyonkarahisar\u2019da bahar ve k\u0131\u015f mevsimi dron kameralar\u0131 taraf\u0131ndan ayn\u0131 anda g\u00f6r\u00fcnt\u00fclenirken, karlar\u0131n yan\u0131nda a\u00e7an \u00e7i\u00e7ek manzara ise g\u00f6renleri mest etti.<br \/>\n<br \/>Bolvadin il\u00e7esine ba\u011fl\u0131 Karayoku\u015f K\u00f6y\u00fc s\u0131n\u0131rlar\u0131 i\u00e7erisinde yer alan Akg\u00f6l Yaylas\u0131, son d\u00f6nemdeki ya\u011f\u0131\u015flarla birlikte muazzam bir d\u00f6n\u00fc\u015f\u00fcme imza att\u0131. K\u0131\u015f boyunca etkili olan yo\u011fun kar ya\u011f\u0131\u015f\u0131 ve bahar ya\u011fmurlar\u0131, yayladaki su seviyesini yeniden eski formuna kavu\u015ftu. Kurak ge\u00e7en d\u00f6nemlerin ard\u0131ndan gelen bol ya\u011f\u0131\u015flar, Akg\u00f6l\u2019\u00fcn havzas\u0131n\u0131 tamamen doldurdu. Suyun y\u00fckselmesiyle birlikte yayla adeta bir do\u011fa harikas\u0131na d\u00f6n\u00fc\u015ft\u00fc. B\u00f6lgedeki suyun eski seviyesine ula\u015fmas\u0131, hem \u00e7evre sakinleri hem de do\u011faseverler taraf\u0131ndan b\u00fcy\u00fck bir sevin\u00e7le kar\u015f\u0131land\u0131.<br \/>\n<br \/>Karlar\u0131n erimesiyle olu\u015fan masmavi su birikintileri ve yaylay\u0131 \u00e7evreleyen beyaz \u00f6rt\u00fcn\u00fcn birle\u015fimi, havadan g\u00f6r\u00fcnt\u00fclendi. Drone kameralar\u0131na yans\u0131yan karelerde do\u011fan\u0131n uyan\u0131\u015f\u0131 ve suyun berrakl\u0131\u011f\u0131 izleyenleri hayran b\u0131rakt\u0131. Karlar\u0131n yan\u0131 ba\u015f\u0131nda a\u00e7an \u00e7i\u00e7ekler ise \u00f6zellikle sosyal medyada b\u00fcy\u00fck ilgi g\u00f6rd\u00fc.<br \/><\/p>\n","protected":false},"excerpt":{"rendered":"<p>Afyonkarahisar\u2019da bahar ve k\u0131\u015f mevsimi dron kameralar\u0131 taraf\u0131ndan ayn\u0131 anda g\u00f6r\u00fcnt\u00fclenirken, karlar\u0131n yan\u0131nda a\u00e7an \u00e7i\u00e7ek manzara ise g\u00f6renleri mest etti. Bolvadin il\u00e7esine ba\u011fl\u0131 Karayoku\u015f K\u00f6y\u00fc s\u0131n\u0131rlar\u0131 i\u00e7erisinde yer alan Akg\u00f6l Yaylas\u0131, son d\u00f6nemdeki ya\u011f\u0131\u015flarla birlikte muazzam bir d\u00f6n\u00fc\u015f\u00fcme imza att\u0131. K\u0131\u015f boyunca etkili olan yo\u011fun kar ya\u011f\u0131\u015f\u0131 ve bahar ya\u011fmurlar\u0131, yayladaki su seviyesini yeniden eski&#8230;<\/p>\n","protected":false},"author":1,"featured_media":99666,"comment_status":"open","ping_status":"open","sticky":false,"template":"","format":"standard","meta":{"_crdt_document":"","footnotes":""},"categories":[1],"tags":[],"class_list":["post-99665","post","type-post","status-publish","format-standard","has-post-thumbnail","hentry","category-guncel"],"_links":{"self":[{"href":"https:\/\/www.egemtv.com\/index.php?rest_route=\/wp\/v2\/posts\/99665","targetHints":{"allow":["GET"]}}],"collection":[{"href":"https:\/\/www.egemtv.com\/index.php?rest_route=\/wp\/v2\/posts"}],"about":[{"href":"https:\/\/www.egemtv.com\/index.php?rest_route=\/wp\/v2\/types\/post"}],"author":[{"embeddable":true,"href":"https:\/\/www.egemtv.com\/index.php?rest_route=\/wp\/v2\/users\/1"}],"replies":[{"embeddable":true,"href":"https:\/\/www.egemtv.com\/index.php?rest_route=%2Fwp%2Fv2%2Fcomments&post=99665"}],"version-history":[{"count":1,"href":"https:\/\/www.egemtv.com\/index.php?rest_route=\/wp\/v2\/posts\/99665\/revisions"}],"predecessor-version":[{"id":99667,"href":"https:\/\/www.egemtv.com\/index.php?rest_route=\/wp\/v2\/posts\/99665\/revisions\/99667"}],"wp:featuredmedia":[{"embeddable":true,"href":"https:\/\/www.egemtv.com\/index.php?rest_route=\/wp\/v2\/media\/99666"}],"wp:attachment":[{"href":"https:\/\/www.egemtv.com\/index.php?rest_route=%2Fwp%2Fv2%2Fmedia&parent=99665"}],"wp:term":[{"taxonomy":"category","embeddable":true,"href":"https:\/\/www.egemtv.com\/index.php?rest_route=%2Fwp%2Fv2%2Fcategories&post=99665"},{"taxonomy":"post_tag","embeddable":true,"href":"https:\/\/www.egemtv.com\/index.php?rest_route=%2Fwp%2Fv2%2Ftags&post=99665"}],"curies":[{"name":"wp","href":"https:\/\/api.w.org\/{rel}","templated":true}]}}