{"id":99662,"date":"2026-04-30T10:25:39","date_gmt":"2026-04-30T07:25:39","guid":{"rendered":"https:\/\/www.egemtv.com\/?p=99662"},"modified":"2026-04-30T10:25:41","modified_gmt":"2026-04-30T07:25:41","slug":"kadinlari-vurdu-polisten-kacamayinca-kendini-de-vurdu","status":"publish","type":"post","link":"https:\/\/www.egemtv.com\/?p=99662","title":{"rendered":"Kad\u0131nlar\u0131 vurdu, polisten ka\u00e7amay\u0131nca kendini de vurdu"},"content":{"rendered":"<p>Mu\u011fla\u2019n\u0131n Ortaca il\u00e7esinde, iddiaya g\u00f6re, alacak verecek meselesi y\u00fcz\u00fcnden iki kad\u0131n\u0131 tabancayla vurarak \u00f6ld\u00fcren \u015fah\u0131s, polis takibi s\u0131ras\u0131nda yakalanaca\u011f\u0131n\u0131 anlay\u0131nca silahla g\u00f6\u011fs\u00fcne ate\u015f ederek intihar etti.<br \/>\n<br \/>Olay, d\u00fcn ak\u015fam saat 21.30 s\u0131ralar\u0131nda Terzialiler Mahallesi, Ba\u015fo\u011flu Sokak \u00fczerinde bulunan bir otelin giri\u015finde meydana geldi. Edinilen bilgiye g\u00f6re, Ecevit Cankurt (53) ile Serap Y\u0131lmaz (25) ve Hatice Yeysikan (32) aras\u0131nda iddiaya g\u00f6re, alacak verecek meselesi nedeniyle tart\u0131\u015fma \u00e7\u0131kt\u0131. Tart\u0131\u015fman\u0131n k\u0131sa s\u00fcrede kavgaya d\u00f6n\u00fc\u015fmesi \u00fczerine Cankurt, belinden \u00e7\u0131kard\u0131\u011f\u0131 tabancayla iki kad\u0131na kur\u015fun ya\u011fd\u0131rd\u0131. Silah seslerini duyan \u00e7evredeki vatanda\u015flar\u0131n ihbar\u0131 \u00fczerine b\u00f6lgeye \u00e7ok say\u0131da polis ve sa\u011fl\u0131k ekibi sevk edildi. Sa\u011fl\u0131k ekiplerinin olay yerinde yapt\u0131\u011f\u0131 ilk incelemede, 25 ya\u015f\u0131ndaki Serap Y\u0131lmaz\u2019\u0131n hayat\u0131n\u0131 kaybetti\u011fi belirlendi. A\u011f\u0131r yaral\u0131 olarak Ortaca Devlet Hastanesi\u2019ne kald\u0131r\u0131lan Hatice Yeysikan ise doktorlar\u0131n t\u00fcm m\u00fcdahalelerine ra\u011fmen kurtar\u0131lamad\u0131.<br \/>\n<br \/>Cinayetlerin ard\u0131ndan otomobiliyle olay yerinden h\u0131zla uzakla\u015fan Ecevit Cankurt, emniyet g\u00fc\u00e7leri taraf\u0131ndan takibe al\u0131nd\u0131. Polisin takibi sonucu s\u0131k\u0131\u015ft\u0131r\u0131lan Cankurt, yakalanaca\u011f\u0131n\u0131 anlay\u0131nca ayn\u0131 silahla kendisini g\u00f6\u011fs\u00fcnden vurdu. Olay yerinde hayat\u0131n\u0131 kaybeden sald\u0131rgan\u0131n cans\u0131z bedeni, yap\u0131lan incelemelerin ard\u0131ndan Mu\u011fla Yerkesik Adli T\u0131p Kurumu morguna kald\u0131r\u0131ld\u0131.<br \/>\n<br \/>Olayla ilgili soru\u015fturma s\u00fcr\u00fcyor.<br \/><\/p>\n","protected":false},"excerpt":{"rendered":"<p>Mu\u011fla\u2019n\u0131n Ortaca il\u00e7esinde, iddiaya g\u00f6re, alacak verecek meselesi y\u00fcz\u00fcnden iki kad\u0131n\u0131 tabancayla vurarak \u00f6ld\u00fcren \u015fah\u0131s, polis takibi s\u0131ras\u0131nda yakalanaca\u011f\u0131n\u0131 anlay\u0131nca silahla g\u00f6\u011fs\u00fcne ate\u015f ederek intihar etti. Olay, d\u00fcn ak\u015fam saat 21.30 s\u0131ralar\u0131nda Terzialiler Mahallesi, Ba\u015fo\u011flu Sokak \u00fczerinde bulunan bir otelin giri\u015finde meydana geldi. Edinilen bilgiye g\u00f6re, Ecevit Cankurt (53) ile Serap Y\u0131lmaz (25) ve Hatice&#8230;<\/p>\n","protected":false},"author":1,"featured_media":99663,"comment_status":"open","ping_status":"open","sticky":false,"template":"","format":"standard","meta":{"_crdt_document":"","footnotes":""},"categories":[5],"tags":[],"class_list":["post-99662","post","type-post","status-publish","format-standard","has-post-thumbnail","hentry","category-asayis"],"_links":{"self":[{"href":"https:\/\/www.egemtv.com\/index.php?rest_route=\/wp\/v2\/posts\/99662","targetHints":{"allow":["GET"]}}],"collection":[{"href":"https:\/\/www.egemtv.com\/index.php?rest_route=\/wp\/v2\/posts"}],"about":[{"href":"https:\/\/www.egemtv.com\/index.php?rest_route=\/wp\/v2\/types\/post"}],"author":[{"embeddable":true,"href":"https:\/\/www.egemtv.com\/index.php?rest_route=\/wp\/v2\/users\/1"}],"replies":[{"embeddable":true,"href":"https:\/\/www.egemtv.com\/index.php?rest_route=%2Fwp%2Fv2%2Fcomments&post=99662"}],"version-history":[{"count":1,"href":"https:\/\/www.egemtv.com\/index.php?rest_route=\/wp\/v2\/posts\/99662\/revisions"}],"predecessor-version":[{"id":99664,"href":"https:\/\/www.egemtv.com\/index.php?rest_route=\/wp\/v2\/posts\/99662\/revisions\/99664"}],"wp:featuredmedia":[{"embeddable":true,"href":"https:\/\/www.egemtv.com\/index.php?rest_route=\/wp\/v2\/media\/99663"}],"wp:attachment":[{"href":"https:\/\/www.egemtv.com\/index.php?rest_route=%2Fwp%2Fv2%2Fmedia&parent=99662"}],"wp:term":[{"taxonomy":"category","embeddable":true,"href":"https:\/\/www.egemtv.com\/index.php?rest_route=%2Fwp%2Fv2%2Fcategories&post=99662"},{"taxonomy":"post_tag","embeddable":true,"href":"https:\/\/www.egemtv.com\/index.php?rest_route=%2Fwp%2Fv2%2Ftags&post=99662"}],"curies":[{"name":"wp","href":"https:\/\/api.w.org\/{rel}","templated":true}]}}