{"id":99659,"date":"2026-04-30T09:15:41","date_gmt":"2026-04-30T06:15:41","guid":{"rendered":"https:\/\/www.egemtv.com\/?p=99659"},"modified":"2026-04-30T09:15:42","modified_gmt":"2026-04-30T06:15:42","slug":"seydikemer-catak-mahallesi-icme-suyu-isale-hatti-yenileniyor","status":"publish","type":"post","link":"https:\/\/www.egemtv.com\/?p=99659","title":{"rendered":"Seydikemer \u00c7atak Mahallesi i\u00e7me suyu isale hatt\u0131 yenileniyor"},"content":{"rendered":"<p>Mu\u011fla B\u00fcy\u00fck\u015fehir Belediyesi, Su ve Kanalizasyon \u0130daresi (MUSK\u0130) Genel M\u00fcd\u00fcrl\u00fc\u011f\u00fc il genelinde altyap\u0131y\u0131 modernize ederek kesintisiz hizmet sa\u011flama hedefi do\u011frultusunda \u00e7al\u0131\u015fmalar\u0131n\u0131 s\u00fcrd\u00fcr\u00fcyor. B\u00fcy\u00fck\u015fehir Belediye Ba\u015fkan\u0131 Ahmet Aras\u2019\u0131n \u00f6nc\u00fcl\u00fc\u011f\u00fcnde y\u00fcr\u00fct\u00fclen \u00e7al\u0131\u015fmalar kapsam\u0131nda, Seydikemer il\u00e7esinde \u00f6nemli bir i\u00e7me suyu hatt\u0131 yenileme projesi hayata ge\u00e7iriliyor.<br \/>\n<br \/>Seydikemer\u2019in \u00c7atak Mahallesi\u2019nde ekonomik \u00f6mr\u00fcn\u00fc tamamlayan i\u00e7me suyu hatt\u0131 s\u0131k s\u0131k ar\u0131zalara neden olmas\u0131, hatt\u0131n vatanda\u015flara ait arazilerden ge\u00e7mesi, ar\u0131zalara m\u00fcdahale s\u00fcresini uzatarak su kay\u0131p ve ka\u00e7aklar\u0131n\u0131n artmas\u0131na yol a\u00e7\u0131yordu.<br \/>\n<br \/>Bu sorunlar\u0131n \u00e7\u00f6z\u00fcm\u00fc amac\u0131yla ba\u015flat\u0131lan \u00e7al\u0131\u015fmalar kapsam\u0131nda, yakla\u015f\u0131k 4 bin metrelik i\u00e7me suyu hatt\u0131 yenileniyor. Yeni hat, kamusal yol g\u00fczergah\u0131na al\u0131narak ar\u0131zalara daha h\u0131zl\u0131 ve etkin m\u00fcdahale edilmesi hedefleniyor. B\u00f6ylece su kesintilerinin en aza indirilmesi planlan\u0131yor.<br \/>\n<br \/>MUSK\u0130 yetkilileri, Mu\u011fla genelinde altyap\u0131y\u0131 g\u00fc\u00e7lendirme \u00e7al\u0131\u015fmalar\u0131n\u0131n aral\u0131ks\u0131z s\u00fcrd\u00fc\u011f\u00fcn\u00fc belirterek, vatanda\u015flar\u0131n en temel ihtiya\u00e7lar\u0131ndan biri olan i\u00e7me suyunun kesintisiz ve sa\u011fl\u0131kl\u0131 bir \u015fekilde ula\u015ft\u0131r\u0131lmas\u0131 i\u00e7in yat\u0131r\u0131mlar\u0131n devam edece\u011fini ifade ettiler.<br \/><\/p>\n","protected":false},"excerpt":{"rendered":"<p>Mu\u011fla B\u00fcy\u00fck\u015fehir Belediyesi, Su ve Kanalizasyon \u0130daresi (MUSK\u0130) Genel M\u00fcd\u00fcrl\u00fc\u011f\u00fc il genelinde altyap\u0131y\u0131 modernize ederek kesintisiz hizmet sa\u011flama hedefi do\u011frultusunda \u00e7al\u0131\u015fmalar\u0131n\u0131 s\u00fcrd\u00fcr\u00fcyor. B\u00fcy\u00fck\u015fehir Belediye Ba\u015fkan\u0131 Ahmet Aras\u2019\u0131n \u00f6nc\u00fcl\u00fc\u011f\u00fcnde y\u00fcr\u00fct\u00fclen \u00e7al\u0131\u015fmalar kapsam\u0131nda, Seydikemer il\u00e7esinde \u00f6nemli bir i\u00e7me suyu hatt\u0131 yenileme projesi hayata ge\u00e7iriliyor. Seydikemer\u2019in \u00c7atak Mahallesi\u2019nde ekonomik \u00f6mr\u00fcn\u00fc tamamlayan i\u00e7me suyu hatt\u0131 s\u0131k s\u0131k ar\u0131zalara neden&#8230;<\/p>\n","protected":false},"author":1,"featured_media":99660,"comment_status":"open","ping_status":"open","sticky":false,"template":"","format":"standard","meta":{"_crdt_document":"","footnotes":""},"categories":[2],"tags":[],"class_list":["post-99659","post","type-post","status-publish","format-standard","has-post-thumbnail","hentry","category-saglik"],"_links":{"self":[{"href":"https:\/\/www.egemtv.com\/index.php?rest_route=\/wp\/v2\/posts\/99659","targetHints":{"allow":["GET"]}}],"collection":[{"href":"https:\/\/www.egemtv.com\/index.php?rest_route=\/wp\/v2\/posts"}],"about":[{"href":"https:\/\/www.egemtv.com\/index.php?rest_route=\/wp\/v2\/types\/post"}],"author":[{"embeddable":true,"href":"https:\/\/www.egemtv.com\/index.php?rest_route=\/wp\/v2\/users\/1"}],"replies":[{"embeddable":true,"href":"https:\/\/www.egemtv.com\/index.php?rest_route=%2Fwp%2Fv2%2Fcomments&post=99659"}],"version-history":[{"count":1,"href":"https:\/\/www.egemtv.com\/index.php?rest_route=\/wp\/v2\/posts\/99659\/revisions"}],"predecessor-version":[{"id":99661,"href":"https:\/\/www.egemtv.com\/index.php?rest_route=\/wp\/v2\/posts\/99659\/revisions\/99661"}],"wp:featuredmedia":[{"embeddable":true,"href":"https:\/\/www.egemtv.com\/index.php?rest_route=\/wp\/v2\/media\/99660"}],"wp:attachment":[{"href":"https:\/\/www.egemtv.com\/index.php?rest_route=%2Fwp%2Fv2%2Fmedia&parent=99659"}],"wp:term":[{"taxonomy":"category","embeddable":true,"href":"https:\/\/www.egemtv.com\/index.php?rest_route=%2Fwp%2Fv2%2Fcategories&post=99659"},{"taxonomy":"post_tag","embeddable":true,"href":"https:\/\/www.egemtv.com\/index.php?rest_route=%2Fwp%2Fv2%2Ftags&post=99659"}],"curies":[{"name":"wp","href":"https:\/\/api.w.org\/{rel}","templated":true}]}}