{"id":99656,"date":"2026-04-30T08:40:51","date_gmt":"2026-04-30T05:40:51","guid":{"rendered":"https:\/\/www.egemtv.com\/?p=99656"},"modified":"2026-04-30T08:40:52","modified_gmt":"2026-04-30T05:40:52","slug":"afsar-baraji-patlama-senaryosu-gercegini-aratmadi","status":"publish","type":"post","link":"https:\/\/www.egemtv.com\/?p=99656","title":{"rendered":"Af\u015far Baraj\u0131 patlama senaryosu ger\u00e7e\u011fini aratmad\u0131"},"content":{"rendered":"<p>Manisa Afet ve Acil Durum M\u00fcd\u00fcrl\u00fc\u011f\u00fc koordinesinde, Sar\u0131g\u00f6l, Ala\u015fehir ve Salihli il\u00e7elerini kapsayan &#8220;Af\u015far Baraj\u0131\u2019n\u0131n Patlamas\u0131&#8221; senaryosu \u00fczerinden geni\u015f \u00e7apl\u0131 tatbikat ger\u00e7ekle\u015ftirildi. Tatbikatta kurumlar\u0131n muhtemel afetlere kar\u015f\u0131 m\u00fcdahale kapasitesi ve koordinasyon g\u00fcc\u00fc test edildi.<br \/>\n<br \/>Manisa Afet ve Acil Durum M\u00fcd\u00fcrl\u00fc\u011f\u00fcnce d\u00fczenlenen tatbikat kapsam\u0131nda, senaryo gere\u011fi Af\u015far Baraj\u0131\u2019nda meydana gelen patlama sonras\u0131 b\u00f6lgede alarm verildi. Sar\u0131g\u00f6l \u0130l\u00e7e Afet Koordinasyon Merkezi k\u0131sa s\u00fcrede toplanarak gerekli \u00e7al\u0131\u015fmalara ba\u015flad\u0131.<br \/>\n<br \/>Tatbikat kapsam\u0131nda Af\u015far Baraj\u0131 b\u00f6lgesinde AFAD, UMKE, Jandarma, Emniyet ve \u0130tfaiye ekipleri taraf\u0131ndan arama kurtarma faaliyetleri y\u00fcr\u00fct\u00fcld\u00fc. Ekipler, senaryo do\u011frultusunda mahsur kalan vatanda\u015flar\u0131n tahliyesi, yaral\u0131lara ilk m\u00fcdahale ve g\u00fcvenlik \u00f6nlemleri konusunda koordineli \u015fekilde \u00e7al\u0131\u015fma ger\u00e7ekle\u015ftirdi.<br \/>\n<br \/>D\u00fczenlenen tatbikatta il\u00e7e afet koordinasyon merkezleri, afet gruplar\u0131 ve saha ekiplerinin bilgi birikimi ile muhtemel afet durumlar\u0131nda h\u0131zl\u0131 m\u00fcdahale kabiliyetleri ve g\u00f6sterdikleri reaksiyonlar test edildi.<br \/>\n<br \/>Yetkililer, benzer tatbikatlar\u0131n afetlere haz\u0131rl\u0131k s\u00fcrecinde b\u00fcy\u00fck \u00f6nem ta\u015f\u0131d\u0131\u011f\u0131n\u0131 belirterek, kurumlar aras\u0131 i\u015f birli\u011fi ve koordinasyonun g\u00fc\u00e7lendirilmesine y\u00f6nelik \u00e7al\u0131\u015fmalar\u0131n s\u00fcrd\u00fcr\u00fclece\u011fini ifade etti.<br \/><\/p>\n","protected":false},"excerpt":{"rendered":"<p>Manisa Afet ve Acil Durum M\u00fcd\u00fcrl\u00fc\u011f\u00fc koordinesinde, Sar\u0131g\u00f6l, Ala\u015fehir ve Salihli il\u00e7elerini kapsayan &#8220;Af\u015far Baraj\u0131\u2019n\u0131n Patlamas\u0131&#8221; senaryosu \u00fczerinden geni\u015f \u00e7apl\u0131 tatbikat ger\u00e7ekle\u015ftirildi. Tatbikatta kurumlar\u0131n muhtemel afetlere kar\u015f\u0131 m\u00fcdahale kapasitesi ve koordinasyon g\u00fcc\u00fc test edildi. Manisa Afet ve Acil Durum M\u00fcd\u00fcrl\u00fc\u011f\u00fcnce d\u00fczenlenen tatbikat kapsam\u0131nda, senaryo gere\u011fi Af\u015far Baraj\u0131\u2019nda meydana gelen patlama sonras\u0131 b\u00f6lgede alarm verildi. Sar\u0131g\u00f6l&#8230;<\/p>\n","protected":false},"author":1,"featured_media":99657,"comment_status":"open","ping_status":"open","sticky":false,"template":"","format":"standard","meta":{"_crdt_document":"","footnotes":""},"categories":[5],"tags":[],"class_list":["post-99656","post","type-post","status-publish","format-standard","has-post-thumbnail","hentry","category-asayis"],"_links":{"self":[{"href":"https:\/\/www.egemtv.com\/index.php?rest_route=\/wp\/v2\/posts\/99656","targetHints":{"allow":["GET"]}}],"collection":[{"href":"https:\/\/www.egemtv.com\/index.php?rest_route=\/wp\/v2\/posts"}],"about":[{"href":"https:\/\/www.egemtv.com\/index.php?rest_route=\/wp\/v2\/types\/post"}],"author":[{"embeddable":true,"href":"https:\/\/www.egemtv.com\/index.php?rest_route=\/wp\/v2\/users\/1"}],"replies":[{"embeddable":true,"href":"https:\/\/www.egemtv.com\/index.php?rest_route=%2Fwp%2Fv2%2Fcomments&post=99656"}],"version-history":[{"count":1,"href":"https:\/\/www.egemtv.com\/index.php?rest_route=\/wp\/v2\/posts\/99656\/revisions"}],"predecessor-version":[{"id":99658,"href":"https:\/\/www.egemtv.com\/index.php?rest_route=\/wp\/v2\/posts\/99656\/revisions\/99658"}],"wp:featuredmedia":[{"embeddable":true,"href":"https:\/\/www.egemtv.com\/index.php?rest_route=\/wp\/v2\/media\/99657"}],"wp:attachment":[{"href":"https:\/\/www.egemtv.com\/index.php?rest_route=%2Fwp%2Fv2%2Fmedia&parent=99656"}],"wp:term":[{"taxonomy":"category","embeddable":true,"href":"https:\/\/www.egemtv.com\/index.php?rest_route=%2Fwp%2Fv2%2Fcategories&post=99656"},{"taxonomy":"post_tag","embeddable":true,"href":"https:\/\/www.egemtv.com\/index.php?rest_route=%2Fwp%2Fv2%2Ftags&post=99656"}],"curies":[{"name":"wp","href":"https:\/\/api.w.org\/{rel}","templated":true}]}}