{"id":99653,"date":"2026-04-30T08:40:50","date_gmt":"2026-04-30T05:40:50","guid":{"rendered":"https:\/\/www.egemtv.com\/?p=99653"},"modified":"2026-04-30T08:40:51","modified_gmt":"2026-04-30T05:40:51","slug":"gordesin-tarihine-isik-tutacak-kitabin-geliri-ogrencilere-bagislanacak","status":"publish","type":"post","link":"https:\/\/www.egemtv.com\/?p=99653","title":{"rendered":"G\u00f6rdes\u2019in tarihine \u0131\u015f\u0131k tutacak kitab\u0131n geliri \u00f6\u011frencilere ba\u011f\u0131\u015flanacak"},"content":{"rendered":"<p>Manisa\u2019da tarih\u00e7i, \u00f6\u011fretmen ve e\u011fitim y\u00f6neticisi Nurullah Ertu\u011frul\u2019un kaleme ald\u0131\u011f\u0131 &#8220;Eski G\u00f6rdes&#8221; adl\u0131 kitab\u0131n bas\u0131n lansman\u0131 ger\u00e7ekle\u015ftirildi. 27 y\u0131ll\u0131k vak\u0131f kay\u0131tlar\u0131 ara\u015ft\u0131rmas\u0131n\u0131n \u00fcr\u00fcn\u00fc olan kitap, hem G\u00f6rdes tarihine \u0131\u015f\u0131k tutacak hem de sat\u0131\u015f gelirleriyle \u00f6\u011frencilere burs deste\u011fi sa\u011flayacak.<br \/>\n<br \/>&#8220;Eski G\u00f6rdes&#8221; kitab\u0131n\u0131n tan\u0131t\u0131m toplant\u0131s\u0131na yazar Nurullah Ertu\u011frul\u2019un yan\u0131 s\u0131ra eserin haz\u0131rlan\u0131\u015f s\u00fcrecine katk\u0131 sunan S\u00fcleyman Sami \u0130lker ve H\u00fcseyin Tun\u00e7ay da kat\u0131ld\u0131.<br \/>\n<br \/>Uzun y\u0131llar Vak\u0131flar M\u00fcd\u00fcrl\u00fc\u011f\u00fc g\u00f6revinde bulunan Nurullah Ertu\u011frul, lansmanda yapt\u0131\u011f\u0131 konu\u015fmada g\u00f6reve ba\u015flad\u0131\u011f\u0131nda vak\u0131flar konusunda s\u0131n\u0131rl\u0131 bilgiye sahip oldu\u011funu, zamanla vak\u0131flar\u0131n tarihin en \u00f6nemli kaynaklar\u0131ndan biri oldu\u011funu fark etti\u011fini s\u00f6yledi.<br \/>\n<br \/>27 y\u0131l boyunca yaln\u0131zca G\u00f6rdes de\u011fil, Manisa\u2019n\u0131n t\u00fcm il\u00e7elerine ait vak\u0131f kay\u0131tlar\u0131n\u0131 inceledi\u011fini belirten Ertu\u011frul, \u00e7al\u0131\u015fmas\u0131n\u0131 tamamen belgelere dayand\u0131rd\u0131\u011f\u0131n\u0131 ve ki\u015fisel yorumdan \u00f6zellikle ka\u00e7\u0131nd\u0131\u011f\u0131n\u0131 ifade etti.<br \/>\n<br \/>Kitab\u0131n ortaya \u00e7\u0131k\u0131\u015f s\u00fcrecine de de\u011finen Ertu\u011frul, G\u00f6rdes\u2019e ili\u015fkin b\u00f6l\u00fcm\u00fcn kitapla\u015ft\u0131r\u0131lmas\u0131 fikrinin S\u00fcleyman Sami \u0130lker\u2019den geldi\u011fini belirterek, eserin il\u00e7enin kurulu\u015fundan g\u00fcn\u00fcm\u00fcze kadar uzanan vak\u0131f ge\u00e7mi\u015fini belgeleyen \u00f6nemli bir kaynak oldu\u011funu kaydetti.<br \/>\n<br \/>S\u00fcleyman Sami \u0130lker ise G\u00f6rdes \u00fczerine bug\u00fcne kadar \u00e7ok say\u0131da eser yaz\u0131ld\u0131\u011f\u0131n\u0131 ancak vak\u0131f perspektifinden haz\u0131rlanm\u0131\u015f bu kapsaml\u0131 \u00e7al\u0131\u015fman\u0131n bir ilk oldu\u011funu s\u00f6yledi. \u0130lker, kitab\u0131n zengin g\u00f6rsel i\u00e7eri\u011fi ve akademik niteli\u011fiyle ara\u015ft\u0131rmac\u0131lar i\u00e7in \u00f6nemli bir kaynak olaca\u011f\u0131n\u0131 ifade etti.<\/p>\n<p>Geliri \u00f6\u011frencilere burs olacak<br \/>\n<br \/>\u0130lker, kitab\u0131n telif gelirlerinin tamam\u0131n\u0131n Manisa\u2019da \u00fcniversite \u00f6\u011frencilerine burs sa\u011flayan E\u011fitime Katk\u0131 Derne\u011fi\u2019ne ba\u011f\u0131\u015flanaca\u011f\u0131n\u0131 a\u00e7\u0131klad\u0131. B\u00f6ylece yazar ve katk\u0131 sunan isimlerin eserden herhangi bir maddi gelir elde etmeyece\u011fi bildirildi.<br \/>\n<br \/>H\u00fcseyin Tun\u00e7ay da kitab\u0131n uzun y\u0131llara dayanan titiz bir eme\u011fin \u00fcr\u00fcn\u00fc oldu\u011funu belirterek, G\u00f6rdes\u2019in k\u00fclt\u00fcr tarihine \u00f6nemli katk\u0131 sundu\u011funu s\u00f6yledi. Tun\u00e7ay, 208 sayfal\u0131k eserde 150\u2019yi a\u015fk\u0131n foto\u011fraf\u0131n yan\u0131 s\u0131ra plan, tablo ve krokilerin yer ald\u0131\u011f\u0131n\u0131, kitab\u0131n d\u00f6rt ana b\u00f6l\u00fcmden olu\u015ftu\u011funu kaydetti.<br \/>\n<br \/>Kitab\u0131n \u00f6n kapa\u011f\u0131nda G\u00f6rdes Kalesi ile Pazar (Yah\u015fi \u00c7elebi) Camii, arka kapa\u011f\u0131nda ise G\u00f6rdesli \u015eehit Makbule Han\u0131m ve d\u00f6nemin \u00f6nemli isimlerinin yer ald\u0131\u011f\u0131 tarihi bir foto\u011fraf bulunuyor.<br \/>\n<br \/>Akademik \u00e7evrelerden yo\u011fun ilgi g\u00f6rd\u00fc\u011f\u00fc belirtilen &#8220;Eski G\u00f6rdes&#8221; kitab\u0131n\u0131n \u00f6n\u00fcm\u00fczdeki g\u00fcnlerde T\u00fcrkiye genelinde okurlarla bulu\u015faca\u011f\u0131 \u00f6\u011frenildi.<br \/><\/p>\n","protected":false},"excerpt":{"rendered":"<p>Manisa\u2019da tarih\u00e7i, \u00f6\u011fretmen ve e\u011fitim y\u00f6neticisi Nurullah Ertu\u011frul\u2019un kaleme ald\u0131\u011f\u0131 &#8220;Eski G\u00f6rdes&#8221; adl\u0131 kitab\u0131n bas\u0131n lansman\u0131 ger\u00e7ekle\u015ftirildi. 27 y\u0131ll\u0131k vak\u0131f kay\u0131tlar\u0131 ara\u015ft\u0131rmas\u0131n\u0131n \u00fcr\u00fcn\u00fc olan kitap, hem G\u00f6rdes tarihine \u0131\u015f\u0131k tutacak hem de sat\u0131\u015f gelirleriyle \u00f6\u011frencilere burs deste\u011fi sa\u011flayacak. &#8220;Eski G\u00f6rdes&#8221; kitab\u0131n\u0131n tan\u0131t\u0131m toplant\u0131s\u0131na yazar Nurullah Ertu\u011frul\u2019un yan\u0131 s\u0131ra eserin haz\u0131rlan\u0131\u015f s\u00fcrecine katk\u0131 sunan S\u00fcleyman Sami&#8230;<\/p>\n","protected":false},"author":1,"featured_media":99654,"comment_status":"open","ping_status":"open","sticky":false,"template":"","format":"standard","meta":{"_crdt_document":"","footnotes":""},"categories":[1],"tags":[],"class_list":["post-99653","post","type-post","status-publish","format-standard","has-post-thumbnail","hentry","category-guncel"],"_links":{"self":[{"href":"https:\/\/www.egemtv.com\/index.php?rest_route=\/wp\/v2\/posts\/99653","targetHints":{"allow":["GET"]}}],"collection":[{"href":"https:\/\/www.egemtv.com\/index.php?rest_route=\/wp\/v2\/posts"}],"about":[{"href":"https:\/\/www.egemtv.com\/index.php?rest_route=\/wp\/v2\/types\/post"}],"author":[{"embeddable":true,"href":"https:\/\/www.egemtv.com\/index.php?rest_route=\/wp\/v2\/users\/1"}],"replies":[{"embeddable":true,"href":"https:\/\/www.egemtv.com\/index.php?rest_route=%2Fwp%2Fv2%2Fcomments&post=99653"}],"version-history":[{"count":1,"href":"https:\/\/www.egemtv.com\/index.php?rest_route=\/wp\/v2\/posts\/99653\/revisions"}],"predecessor-version":[{"id":99655,"href":"https:\/\/www.egemtv.com\/index.php?rest_route=\/wp\/v2\/posts\/99653\/revisions\/99655"}],"wp:featuredmedia":[{"embeddable":true,"href":"https:\/\/www.egemtv.com\/index.php?rest_route=\/wp\/v2\/media\/99654"}],"wp:attachment":[{"href":"https:\/\/www.egemtv.com\/index.php?rest_route=%2Fwp%2Fv2%2Fmedia&parent=99653"}],"wp:term":[{"taxonomy":"category","embeddable":true,"href":"https:\/\/www.egemtv.com\/index.php?rest_route=%2Fwp%2Fv2%2Fcategories&post=99653"},{"taxonomy":"post_tag","embeddable":true,"href":"https:\/\/www.egemtv.com\/index.php?rest_route=%2Fwp%2Fv2%2Ftags&post=99653"}],"curies":[{"name":"wp","href":"https:\/\/api.w.org\/{rel}","templated":true}]}}