{"id":99650,"date":"2026-04-30T08:40:49","date_gmt":"2026-04-30T05:40:49","guid":{"rendered":"https:\/\/www.egemtv.com\/?p=99650"},"modified":"2026-04-30T08:40:50","modified_gmt":"2026-04-30T05:40:50","slug":"selendide-tarim-iscisi-yevmiyesi-1400-tl-oldu","status":"publish","type":"post","link":"https:\/\/www.egemtv.com\/?p=99650","title":{"rendered":"Selendi\u2019de tar\u0131m i\u015f\u00e7isi yevmiyesi 1400 TL oldu"},"content":{"rendered":"<p>Manisa\u2019n\u0131n Selendi il\u00e7esinde 2026 y\u0131l\u0131 tar\u0131m i\u015f\u00e7ili\u011fi g\u00fcnl\u00fck yevmiye \u00fccretleri belirlendi. \u0130l\u00e7ede tar\u0131m i\u015f\u00e7ilerinin g\u00fcnl\u00fck net yevmiyesi 1400 TL olarak uygulanacak.<br \/>\n<br \/>Selendi Ziraat Odas\u0131 Y\u00f6netim Kurulu\u2019nun 28 Nisan 2026 tarihli ve 8 say\u0131l\u0131 karar\u0131 do\u011frultusunda, il\u00e7ede \u00e7al\u0131\u015ft\u0131r\u0131lan tar\u0131m i\u015f\u00e7ilerinin t\u00fct\u00fcn dikimi, t\u00fct\u00fcn k\u0131r\u0131m\u0131, meyve toplama ve benzeri tar\u0131msal i\u015flerde g\u00fcnl\u00fck net \u00fccretinin 1400 TL oldu\u011fu a\u00e7\u0131kland\u0131.<br \/>\n<br \/>Selendi Ziraat Odas\u0131 Ba\u015fkan\u0131 Servet Aky\u0131ld\u0131z, uygulamada herhangi bir aksakl\u0131k ya\u015fanmamas\u0131 ad\u0131na al\u0131nan karara uyulmas\u0131n\u0131n \u00f6nem ta\u015f\u0131d\u0131\u011f\u0131n\u0131 belirtti.<br \/>\n<br \/>Aky\u0131ld\u0131z, a\u00e7\u0131klamas\u0131nda belirlenen yeni \u00fccretlerin hem \u00fcreticilere hem de tar\u0131m i\u015f\u00e7ilerine hay\u0131rl\u0131 olmas\u0131n\u0131 temenni etti.<br \/><\/p>\n","protected":false},"excerpt":{"rendered":"<p>Manisa\u2019n\u0131n Selendi il\u00e7esinde 2026 y\u0131l\u0131 tar\u0131m i\u015f\u00e7ili\u011fi g\u00fcnl\u00fck yevmiye \u00fccretleri belirlendi. \u0130l\u00e7ede tar\u0131m i\u015f\u00e7ilerinin g\u00fcnl\u00fck net yevmiyesi 1400 TL olarak uygulanacak. Selendi Ziraat Odas\u0131 Y\u00f6netim Kurulu\u2019nun 28 Nisan 2026 tarihli ve 8 say\u0131l\u0131 karar\u0131 do\u011frultusunda, il\u00e7ede \u00e7al\u0131\u015ft\u0131r\u0131lan tar\u0131m i\u015f\u00e7ilerinin t\u00fct\u00fcn dikimi, t\u00fct\u00fcn k\u0131r\u0131m\u0131, meyve toplama ve benzeri tar\u0131msal i\u015flerde g\u00fcnl\u00fck net \u00fccretinin 1400 TL oldu\u011fu&#8230;<\/p>\n","protected":false},"author":1,"featured_media":99651,"comment_status":"open","ping_status":"open","sticky":false,"template":"","format":"standard","meta":{"_crdt_document":"","footnotes":""},"categories":[125],"tags":[],"class_list":["post-99650","post","type-post","status-publish","format-standard","has-post-thumbnail","hentry","category-ekonomi"],"_links":{"self":[{"href":"https:\/\/www.egemtv.com\/index.php?rest_route=\/wp\/v2\/posts\/99650","targetHints":{"allow":["GET"]}}],"collection":[{"href":"https:\/\/www.egemtv.com\/index.php?rest_route=\/wp\/v2\/posts"}],"about":[{"href":"https:\/\/www.egemtv.com\/index.php?rest_route=\/wp\/v2\/types\/post"}],"author":[{"embeddable":true,"href":"https:\/\/www.egemtv.com\/index.php?rest_route=\/wp\/v2\/users\/1"}],"replies":[{"embeddable":true,"href":"https:\/\/www.egemtv.com\/index.php?rest_route=%2Fwp%2Fv2%2Fcomments&post=99650"}],"version-history":[{"count":1,"href":"https:\/\/www.egemtv.com\/index.php?rest_route=\/wp\/v2\/posts\/99650\/revisions"}],"predecessor-version":[{"id":99652,"href":"https:\/\/www.egemtv.com\/index.php?rest_route=\/wp\/v2\/posts\/99650\/revisions\/99652"}],"wp:featuredmedia":[{"embeddable":true,"href":"https:\/\/www.egemtv.com\/index.php?rest_route=\/wp\/v2\/media\/99651"}],"wp:attachment":[{"href":"https:\/\/www.egemtv.com\/index.php?rest_route=%2Fwp%2Fv2%2Fmedia&parent=99650"}],"wp:term":[{"taxonomy":"category","embeddable":true,"href":"https:\/\/www.egemtv.com\/index.php?rest_route=%2Fwp%2Fv2%2Fcategories&post=99650"},{"taxonomy":"post_tag","embeddable":true,"href":"https:\/\/www.egemtv.com\/index.php?rest_route=%2Fwp%2Fv2%2Ftags&post=99650"}],"curies":[{"name":"wp","href":"https:\/\/api.w.org\/{rel}","templated":true}]}}