{"id":99647,"date":"2026-04-30T08:40:47","date_gmt":"2026-04-30T05:40:47","guid":{"rendered":"https:\/\/www.egemtv.com\/?p=99647"},"modified":"2026-04-30T08:40:48","modified_gmt":"2026-04-30T05:40:48","slug":"alasehirli-ogrenciler-italyada-turkiyeyi-temsil-etti","status":"publish","type":"post","link":"https:\/\/www.egemtv.com\/?p=99647","title":{"rendered":"Ala\u015fehirli \u00f6\u011frenciler \u0130talya\u2019da T\u00fcrkiye\u2019yi temsil etti"},"content":{"rendered":"<p>Manisa\u2019n\u0131n Ala\u015fehir il\u00e7esindeki Emine Elem Kayac\u0131k Ortaokulu \u00f6\u011frencileri, Erasmus+ projesi kapsam\u0131nda gittikleri \u0130talya\u2019da hem e\u011fitim ald\u0131 hem de T\u00fcrk k\u00fclt\u00fcr\u00fcn\u00fc tan\u0131tt\u0131. Zeybek g\u00f6sterisinden bilim at\u00f6lyelerine uzanan programda \u00f6\u011frenciler b\u00fcy\u00fck takdir toplad\u0131.<br \/>\n<br \/>Manisa\u2019n\u0131n Ala\u015fehir il\u00e7esinde e\u011fitim veren Emine Elem Kayac\u0131k Ortaokulu, uluslararas\u0131 ba\u015far\u0131lar\u0131na bir yenisini daha ekledi. Okulun y\u00fcr\u00fctt\u00fc\u011f\u00fc &#8220;\u0130yi Olu\u015f ve Kapsay\u0131c\u0131 E\u011fitimde Avrupa Yollar\u0131&#8221; isimli Erasmus+ KA122-SCH projesi kapsam\u0131nda 6 \u00f6\u011frenci, okul m\u00fcd\u00fcr\u00fc ve \u0130ngilizce \u00f6\u011fretmeni refakatinde \u0130talya\u2019ya giderek \u00f6nemli bir e\u011fitim hareketlili\u011fine kat\u0131ld\u0131.<br \/>\n<br \/>13-17 Nisan tarihleri aras\u0131nda \u0130talya\u2019n\u0131n Frosinone b\u00f6lgesindeki IC2 Ferentino okuluna misafir olan \u00f6\u011frenciler, ev sahibi kurumun iyi olu\u015f ve kapsay\u0131c\u0131 e\u011fitim modeli do\u011frultusunda haz\u0131rlanan programlara kat\u0131ld\u0131. \u00d6\u011frenciler hafta boyunca STEM, fen bilimleri, astronomi, yabanc\u0131 dil, resim, m\u00fczik ve beden e\u011fitimi derslerinde yer alarak \u0130talyan e\u011fitim sistemini yak\u0131ndan tan\u0131ma f\u0131rsat\u0131 buldu.<br \/>\n<br \/>T\u00fcrk \u00f6\u011frenciler ayn\u0131 zamanda \u0130talyan \u00f6\u011fretmen ve \u00f6\u011frencilere T\u00fcrkiye\u2019deki e\u011fitim sistemini anlatt\u0131. Derslerin T\u00fcrk \u00f6\u011frencilere g\u00f6re planlanmas\u0131 ve T\u00fcrk\u00e7enin etkinliklere dahil edilmesi ise dikkat \u00e7ekti.<br \/>\n<br \/>Program\u0131n en renkli b\u00f6l\u00fcmlerinden biri &#8220;K\u00fclt\u00fcr Saati&#8221; etkinli\u011fi oldu. Ala\u015fehirli \u00f6\u011frenciler sergiledikleri zeybek g\u00f6sterisi ve seslendirdikleri halk \u015fark\u0131lar\u0131yla b\u00fcy\u00fck be\u011feni toplad\u0131. T\u00fcrk mutfa\u011f\u0131na ait lezzetlerin ikram edildi\u011fi etkinlikte, \u0130talyan \u00f6\u011frenciler de kendi k\u00fclt\u00fcrlerini yans\u0131tan yiyecekler sundu. T\u00fcrk \u00f6\u011frencilerin \u0130talyanca \u015fark\u0131 seslendirmesi ise salonda alk\u0131\u015f ald\u0131.<br \/>\n<br \/>Sosyal etkinlikler kapsam\u0131nda \u0130talyan akranlar\u0131yla voleybol oynayan \u00f6\u011frenciler, STEM dersinde mikroskopla tarihi kumlar\u0131 inceledi, astronomi sunumlar\u0131na kat\u0131ld\u0131 ve seramik at\u00f6lyesinde \u00e7al\u0131\u015fmalar yapt\u0131. B\u00f6lgeyi gezen \u00f6\u011frenciler, Roma\u2019n\u0131n tarihi dokusunu yerinde g\u00f6rme f\u0131rsat\u0131 da yakalad\u0131.<br \/>\n<br \/>Okul M\u00fcd\u00fcr\u00fc \u00d6zhan Menderes, projenin \u00f6zellikle ta\u015f\u0131mal\u0131 e\u011fitim g\u00f6ren ve \u00f6zel ihtiya\u00e7l\u0131 \u00f6\u011frencilerin sosyal uyumunu art\u0131rmay\u0131 hedefledi\u011fini belirterek, &#8220;Bu proje, \u00f6\u011frencilerimizin hem akademik hem sosyal geli\u015fimine b\u00fcy\u00fck katk\u0131 sa\u011flad\u0131. Milli de\u011ferlerimizi yurt d\u0131\u015f\u0131nda ba\u015far\u0131yla temsil ettiler&#8221; dedi.<br \/><\/p>\n","protected":false},"excerpt":{"rendered":"<p>Manisa\u2019n\u0131n Ala\u015fehir il\u00e7esindeki Emine Elem Kayac\u0131k Ortaokulu \u00f6\u011frencileri, Erasmus+ projesi kapsam\u0131nda gittikleri \u0130talya\u2019da hem e\u011fitim ald\u0131 hem de T\u00fcrk k\u00fclt\u00fcr\u00fcn\u00fc tan\u0131tt\u0131. Zeybek g\u00f6sterisinden bilim at\u00f6lyelerine uzanan programda \u00f6\u011frenciler b\u00fcy\u00fck takdir toplad\u0131. Manisa\u2019n\u0131n Ala\u015fehir il\u00e7esinde e\u011fitim veren Emine Elem Kayac\u0131k Ortaokulu, uluslararas\u0131 ba\u015far\u0131lar\u0131na bir yenisini daha ekledi. Okulun y\u00fcr\u00fctt\u00fc\u011f\u00fc &#8220;\u0130yi Olu\u015f ve Kapsay\u0131c\u0131 E\u011fitimde Avrupa Yollar\u0131&#8221;&#8230;<\/p>\n","protected":false},"author":1,"featured_media":99648,"comment_status":"open","ping_status":"open","sticky":false,"template":"","format":"standard","meta":{"_crdt_document":"","footnotes":""},"categories":[1],"tags":[],"class_list":["post-99647","post","type-post","status-publish","format-standard","has-post-thumbnail","hentry","category-guncel"],"_links":{"self":[{"href":"https:\/\/www.egemtv.com\/index.php?rest_route=\/wp\/v2\/posts\/99647","targetHints":{"allow":["GET"]}}],"collection":[{"href":"https:\/\/www.egemtv.com\/index.php?rest_route=\/wp\/v2\/posts"}],"about":[{"href":"https:\/\/www.egemtv.com\/index.php?rest_route=\/wp\/v2\/types\/post"}],"author":[{"embeddable":true,"href":"https:\/\/www.egemtv.com\/index.php?rest_route=\/wp\/v2\/users\/1"}],"replies":[{"embeddable":true,"href":"https:\/\/www.egemtv.com\/index.php?rest_route=%2Fwp%2Fv2%2Fcomments&post=99647"}],"version-history":[{"count":1,"href":"https:\/\/www.egemtv.com\/index.php?rest_route=\/wp\/v2\/posts\/99647\/revisions"}],"predecessor-version":[{"id":99649,"href":"https:\/\/www.egemtv.com\/index.php?rest_route=\/wp\/v2\/posts\/99647\/revisions\/99649"}],"wp:featuredmedia":[{"embeddable":true,"href":"https:\/\/www.egemtv.com\/index.php?rest_route=\/wp\/v2\/media\/99648"}],"wp:attachment":[{"href":"https:\/\/www.egemtv.com\/index.php?rest_route=%2Fwp%2Fv2%2Fmedia&parent=99647"}],"wp:term":[{"taxonomy":"category","embeddable":true,"href":"https:\/\/www.egemtv.com\/index.php?rest_route=%2Fwp%2Fv2%2Fcategories&post=99647"},{"taxonomy":"post_tag","embeddable":true,"href":"https:\/\/www.egemtv.com\/index.php?rest_route=%2Fwp%2Fv2%2Ftags&post=99647"}],"curies":[{"name":"wp","href":"https:\/\/api.w.org\/{rel}","templated":true}]}}