{"id":99641,"date":"2026-04-30T08:40:45","date_gmt":"2026-04-30T05:40:45","guid":{"rendered":"https:\/\/www.egemtv.com\/?p=99641"},"modified":"2026-04-30T08:40:46","modified_gmt":"2026-04-30T05:40:46","slug":"sarigolde-incir-hamlesi","status":"publish","type":"post","link":"https:\/\/www.egemtv.com\/?p=99641","title":{"rendered":"Sar\u0131g\u00f6l\u2019de incir hamlesi"},"content":{"rendered":"<p>Ayd\u0131n \u0130ncir Ara\u015ft\u0131rma Enstit\u00fcs\u00fc teknik personelleri, Manisa\u2019n\u0131n Sar\u0131g\u00f6l il\u00e7esinde incir alanlar\u0131nda inceleme yaparak \u00fcreticilere teknik destek verdi.<br \/>\n<br \/>Manisa\u2019n\u0131n Sar\u0131g\u00f6l il\u00e7esine ba\u011fl\u0131 Dada\u011fl\u0131 Mahallesi\u2019nde incir \u00fcretim alanlar\u0131nda kapsaml\u0131 incelemeler ger\u00e7ekle\u015ftirildi. Ayd\u0131n \u0130ncir Ara\u015ft\u0131rma Enstit\u00fcs\u00fc teknik personelleri ile birlikte yap\u0131lan saha \u00e7al\u0131\u015fmas\u0131nda, b\u00f6lgenin incir yeti\u015ftiricili\u011fi potansiyeli de\u011ferlendirildi.<br \/>\n<br \/>Ger\u00e7ekle\u015ftirilen incelemelerde toprak yap\u0131s\u0131, iklim \u015fartlar\u0131, mevcut \u00fcretim durumu ve verimlilik kriterleri ele al\u0131n\u0131rken, \u00fcreticilere modern yeti\u015ftiricilik y\u00f6ntemleri konusunda teknik bilgilendirme yap\u0131ld\u0131. Uzman ekipler ayr\u0131ca \u00fcreticilerin talep ve \u00f6nerilerini dinleyerek kar\u015f\u0131l\u0131kl\u0131 g\u00f6r\u00fc\u015f al\u0131\u015fveri\u015finde bulundu.<br \/>\n<br \/>Yetkililer, Sar\u0131g\u00f6l\u2019de alternatif ve katma de\u011ferli tar\u0131msal \u00fcretimin art\u0131r\u0131lmas\u0131 amac\u0131yla incir yeti\u015ftiricili\u011fine y\u00f6nelik \u00e7al\u0131\u015fmalar\u0131n \u00f6nem ta\u015f\u0131d\u0131\u011f\u0131n\u0131 belirtti.<br \/>\n<br \/>Tar\u0131msal \u00fcretimin geli\u015ftirilmesine y\u00f6nelik \u00e7al\u0131\u015fmalar\u0131n, ilgili kurumlarla i\u015f birli\u011fi i\u00e7erisinde s\u00fcrd\u00fcr\u00fclece\u011fi ifade edildi.<br \/><\/p>\n","protected":false},"excerpt":{"rendered":"<p>Ayd\u0131n \u0130ncir Ara\u015ft\u0131rma Enstit\u00fcs\u00fc teknik personelleri, Manisa\u2019n\u0131n Sar\u0131g\u00f6l il\u00e7esinde incir alanlar\u0131nda inceleme yaparak \u00fcreticilere teknik destek verdi. Manisa\u2019n\u0131n Sar\u0131g\u00f6l il\u00e7esine ba\u011fl\u0131 Dada\u011fl\u0131 Mahallesi\u2019nde incir \u00fcretim alanlar\u0131nda kapsaml\u0131 incelemeler ger\u00e7ekle\u015ftirildi. Ayd\u0131n \u0130ncir Ara\u015ft\u0131rma Enstit\u00fcs\u00fc teknik personelleri ile birlikte yap\u0131lan saha \u00e7al\u0131\u015fmas\u0131nda, b\u00f6lgenin incir yeti\u015ftiricili\u011fi potansiyeli de\u011ferlendirildi. Ger\u00e7ekle\u015ftirilen incelemelerde toprak yap\u0131s\u0131, iklim \u015fartlar\u0131, mevcut \u00fcretim durumu ve&#8230;<\/p>\n","protected":false},"author":1,"featured_media":99642,"comment_status":"open","ping_status":"open","sticky":false,"template":"","format":"standard","meta":{"_crdt_document":"","footnotes":""},"categories":[125],"tags":[],"class_list":["post-99641","post","type-post","status-publish","format-standard","has-post-thumbnail","hentry","category-ekonomi"],"_links":{"self":[{"href":"https:\/\/www.egemtv.com\/index.php?rest_route=\/wp\/v2\/posts\/99641","targetHints":{"allow":["GET"]}}],"collection":[{"href":"https:\/\/www.egemtv.com\/index.php?rest_route=\/wp\/v2\/posts"}],"about":[{"href":"https:\/\/www.egemtv.com\/index.php?rest_route=\/wp\/v2\/types\/post"}],"author":[{"embeddable":true,"href":"https:\/\/www.egemtv.com\/index.php?rest_route=\/wp\/v2\/users\/1"}],"replies":[{"embeddable":true,"href":"https:\/\/www.egemtv.com\/index.php?rest_route=%2Fwp%2Fv2%2Fcomments&post=99641"}],"version-history":[{"count":1,"href":"https:\/\/www.egemtv.com\/index.php?rest_route=\/wp\/v2\/posts\/99641\/revisions"}],"predecessor-version":[{"id":99643,"href":"https:\/\/www.egemtv.com\/index.php?rest_route=\/wp\/v2\/posts\/99641\/revisions\/99643"}],"wp:featuredmedia":[{"embeddable":true,"href":"https:\/\/www.egemtv.com\/index.php?rest_route=\/wp\/v2\/media\/99642"}],"wp:attachment":[{"href":"https:\/\/www.egemtv.com\/index.php?rest_route=%2Fwp%2Fv2%2Fmedia&parent=99641"}],"wp:term":[{"taxonomy":"category","embeddable":true,"href":"https:\/\/www.egemtv.com\/index.php?rest_route=%2Fwp%2Fv2%2Fcategories&post=99641"},{"taxonomy":"post_tag","embeddable":true,"href":"https:\/\/www.egemtv.com\/index.php?rest_route=%2Fwp%2Fv2%2Ftags&post=99641"}],"curies":[{"name":"wp","href":"https:\/\/api.w.org\/{rel}","templated":true}]}}