{"id":99638,"date":"2026-04-30T01:05:34","date_gmt":"2026-04-29T22:05:34","guid":{"rendered":"https:\/\/www.egemtv.com\/?p=99638"},"modified":"2026-04-30T01:05:35","modified_gmt":"2026-04-29T22:05:35","slug":"aydin-valiliginde-gorev-degisimi","status":"publish","type":"post","link":"https:\/\/www.egemtv.com\/?p=99638","title":{"rendered":"Ayd\u0131n Valili\u011fi\u2019nde g\u00f6rev de\u011fi\u015fimi"},"content":{"rendered":"<p>Cumhurba\u015fkan\u0131 Recep Tayyip Erdo\u011fan\u2019\u0131n imzas\u0131yla yay\u0131mlanan atama kararlar\u0131 kapsam\u0131nda Ayd\u0131n Valili\u011finde g\u00f6rev de\u011fi\u015fikli\u011fi ya\u015fand\u0131. Ayd\u0131n Valisi Yakup Canbolat Ankara Valili\u011fine atan\u0131rken, Ayd\u0131n Valili\u011fine ise Ad\u0131yaman Valisi Osman Varol getirildi.<\/p>\n<p>Cumhurba\u015fkanl\u0131\u011f\u0131 taraf\u0131ndan haz\u0131rlanan atama kararlar\u0131 Resmi Gazete\u2019de yay\u0131mland\u0131. Kararname ile baz\u0131 valilikler ve emniyet m\u00fcd\u00fcrl\u00fcklerinde g\u00f6rev de\u011fi\u015fikliklerine gidildi. Yay\u0131mlanan karara g\u00f6re, Ayd\u0131n Valisi olarak g\u00f6rev yapan Yakup Canbolat ba\u015fkent Ankara\u2019n\u0131n yeni valisi oldu. Canbolat\u2019tan bo\u015falan Ayd\u0131n Valili\u011fi g\u00f6revine ise Ad\u0131yaman Valisi Osman Varol atand\u0131.<br \/><\/p>\n","protected":false},"excerpt":{"rendered":"<p>Cumhurba\u015fkan\u0131 Recep Tayyip Erdo\u011fan\u2019\u0131n imzas\u0131yla yay\u0131mlanan atama kararlar\u0131 kapsam\u0131nda Ayd\u0131n Valili\u011finde g\u00f6rev de\u011fi\u015fikli\u011fi ya\u015fand\u0131. Ayd\u0131n Valisi Yakup Canbolat Ankara Valili\u011fine atan\u0131rken, Ayd\u0131n Valili\u011fine ise Ad\u0131yaman Valisi Osman Varol getirildi. Cumhurba\u015fkanl\u0131\u011f\u0131 taraf\u0131ndan haz\u0131rlanan atama kararlar\u0131 Resmi Gazete\u2019de yay\u0131mland\u0131. Kararname ile baz\u0131 valilikler ve emniyet m\u00fcd\u00fcrl\u00fcklerinde g\u00f6rev de\u011fi\u015fikliklerine gidildi. Yay\u0131mlanan karara g\u00f6re, Ayd\u0131n Valisi olarak g\u00f6rev yapan&#8230;<\/p>\n","protected":false},"author":1,"featured_media":99639,"comment_status":"open","ping_status":"open","sticky":false,"template":"","format":"standard","meta":{"_crdt_document":"","footnotes":""},"categories":[1],"tags":[],"class_list":["post-99638","post","type-post","status-publish","format-standard","has-post-thumbnail","hentry","category-guncel"],"_links":{"self":[{"href":"https:\/\/www.egemtv.com\/index.php?rest_route=\/wp\/v2\/posts\/99638","targetHints":{"allow":["GET"]}}],"collection":[{"href":"https:\/\/www.egemtv.com\/index.php?rest_route=\/wp\/v2\/posts"}],"about":[{"href":"https:\/\/www.egemtv.com\/index.php?rest_route=\/wp\/v2\/types\/post"}],"author":[{"embeddable":true,"href":"https:\/\/www.egemtv.com\/index.php?rest_route=\/wp\/v2\/users\/1"}],"replies":[{"embeddable":true,"href":"https:\/\/www.egemtv.com\/index.php?rest_route=%2Fwp%2Fv2%2Fcomments&post=99638"}],"version-history":[{"count":1,"href":"https:\/\/www.egemtv.com\/index.php?rest_route=\/wp\/v2\/posts\/99638\/revisions"}],"predecessor-version":[{"id":99640,"href":"https:\/\/www.egemtv.com\/index.php?rest_route=\/wp\/v2\/posts\/99638\/revisions\/99640"}],"wp:featuredmedia":[{"embeddable":true,"href":"https:\/\/www.egemtv.com\/index.php?rest_route=\/wp\/v2\/media\/99639"}],"wp:attachment":[{"href":"https:\/\/www.egemtv.com\/index.php?rest_route=%2Fwp%2Fv2%2Fmedia&parent=99638"}],"wp:term":[{"taxonomy":"category","embeddable":true,"href":"https:\/\/www.egemtv.com\/index.php?rest_route=%2Fwp%2Fv2%2Fcategories&post=99638"},{"taxonomy":"post_tag","embeddable":true,"href":"https:\/\/www.egemtv.com\/index.php?rest_route=%2Fwp%2Fv2%2Ftags&post=99638"}],"curies":[{"name":"wp","href":"https:\/\/api.w.org\/{rel}","templated":true}]}}