{"id":99635,"date":"2026-04-30T00:30:49","date_gmt":"2026-04-29T21:30:49","guid":{"rendered":"https:\/\/www.egemtv.com\/?p=99635"},"modified":"2026-04-30T00:30:50","modified_gmt":"2026-04-29T21:30:50","slug":"otel-onundeki-silahli-saldirida-agir-yaralanan-kadin-hayatini-kaybetti","status":"publish","type":"post","link":"https:\/\/www.egemtv.com\/?p=99635","title":{"rendered":"Otel \u00f6n\u00fcndeki silahl\u0131 sald\u0131r\u0131da a\u011f\u0131r yaralanan kad\u0131n hayat\u0131n\u0131 kaybetti"},"content":{"rendered":"<p>Mu\u011fla\u2019n\u0131n Ortaca il\u00e7esinde bir otelin \u00f6n\u00fcnde silahl\u0131 sald\u0131r\u0131ya u\u011frayan 2 kad\u0131ndan di\u011feri de kald\u0131r\u0131ld\u0131\u011f\u0131 hastanede hayat\u0131n\u0131 kaybetti.<br \/>\n<br \/>Olay, Terzialiler Mahallesi Ba\u015fo\u011flu Sokak \u00fczerinde buluan bir otelin \u00f6n\u00fcnde meydana geldi. Edinilen bilgiye g\u00f6re, E.C. isimli \u015fah\u0131s, hen\u00fcz bilinmeyen bir nedenle iki kad\u0131na silahla ate\u015f a\u00e7t\u0131. Silah seslerini duyan vatanda\u015flar durumu 112 Acil \u00c7a\u011fr\u0131 Merkezi\u2019ne bildirdi. \u0130hbar \u00fczerine b\u00f6lgeye sa\u011fl\u0131k ve polis ekipleri sevk edildi. Sa\u011fl\u0131k ekipleri yapt\u0131klar\u0131 kontrollerde Seray Y\u0131lmaz\u2019\u0131n (25) hayat\u0131n\u0131 kaybetti\u011fini belirledi. A\u011f\u0131r yaralanan Hatice Yeysikan (32) ise ilk m\u00fcdahalenin ard\u0131ndan ambulansla hastaneye kald\u0131r\u0131ld\u0131. Polis ekipleri \u00e7evrede geni\u015f g\u00fcvenlik \u00f6nlemi al\u0131rken, olay\u0131n ard\u0131ndan kay\u0131plara kar\u0131\u015fan E.C.\u2019nin yakalanmas\u0131 i\u00e7in \u00e7al\u0131\u015fma ba\u015flat\u0131ld\u0131. Hastanede tedavi alt\u0131na al\u0131nan yaral\u0131 Yeysikan, doktorlar\u0131n t\u00fcm \u00e7abalar\u0131na ra\u011fmen kurtar\u0131lamayarak hayat\u0131n\u0131 kaybetti.<br \/>\n<br \/>Olayla ilgili soru\u015fturma s\u00fcr\u00fcyor.<br \/><\/p>\n","protected":false},"excerpt":{"rendered":"<p>Mu\u011fla\u2019n\u0131n Ortaca il\u00e7esinde bir otelin \u00f6n\u00fcnde silahl\u0131 sald\u0131r\u0131ya u\u011frayan 2 kad\u0131ndan di\u011feri de kald\u0131r\u0131ld\u0131\u011f\u0131 hastanede hayat\u0131n\u0131 kaybetti. Olay, Terzialiler Mahallesi Ba\u015fo\u011flu Sokak \u00fczerinde buluan bir otelin \u00f6n\u00fcnde meydana geldi. Edinilen bilgiye g\u00f6re, E.C. isimli \u015fah\u0131s, hen\u00fcz bilinmeyen bir nedenle iki kad\u0131na silahla ate\u015f a\u00e7t\u0131. Silah seslerini duyan vatanda\u015flar durumu 112 Acil \u00c7a\u011fr\u0131 Merkezi\u2019ne bildirdi. \u0130hbar&#8230;<\/p>\n","protected":false},"author":1,"featured_media":99636,"comment_status":"open","ping_status":"open","sticky":false,"template":"","format":"standard","meta":{"_crdt_document":"","footnotes":""},"categories":[5],"tags":[],"class_list":["post-99635","post","type-post","status-publish","format-standard","has-post-thumbnail","hentry","category-asayis"],"_links":{"self":[{"href":"https:\/\/www.egemtv.com\/index.php?rest_route=\/wp\/v2\/posts\/99635","targetHints":{"allow":["GET"]}}],"collection":[{"href":"https:\/\/www.egemtv.com\/index.php?rest_route=\/wp\/v2\/posts"}],"about":[{"href":"https:\/\/www.egemtv.com\/index.php?rest_route=\/wp\/v2\/types\/post"}],"author":[{"embeddable":true,"href":"https:\/\/www.egemtv.com\/index.php?rest_route=\/wp\/v2\/users\/1"}],"replies":[{"embeddable":true,"href":"https:\/\/www.egemtv.com\/index.php?rest_route=%2Fwp%2Fv2%2Fcomments&post=99635"}],"version-history":[{"count":1,"href":"https:\/\/www.egemtv.com\/index.php?rest_route=\/wp\/v2\/posts\/99635\/revisions"}],"predecessor-version":[{"id":99637,"href":"https:\/\/www.egemtv.com\/index.php?rest_route=\/wp\/v2\/posts\/99635\/revisions\/99637"}],"wp:featuredmedia":[{"embeddable":true,"href":"https:\/\/www.egemtv.com\/index.php?rest_route=\/wp\/v2\/media\/99636"}],"wp:attachment":[{"href":"https:\/\/www.egemtv.com\/index.php?rest_route=%2Fwp%2Fv2%2Fmedia&parent=99635"}],"wp:term":[{"taxonomy":"category","embeddable":true,"href":"https:\/\/www.egemtv.com\/index.php?rest_route=%2Fwp%2Fv2%2Fcategories&post=99635"},{"taxonomy":"post_tag","embeddable":true,"href":"https:\/\/www.egemtv.com\/index.php?rest_route=%2Fwp%2Fv2%2Ftags&post=99635"}],"curies":[{"name":"wp","href":"https:\/\/api.w.org\/{rel}","templated":true}]}}