{"id":99632,"date":"2026-04-29T23:56:13","date_gmt":"2026-04-29T20:56:13","guid":{"rendered":"https:\/\/www.egemtv.com\/?p=99632"},"modified":"2026-04-29T23:56:14","modified_gmt":"2026-04-29T20:56:14","slug":"ortacada-iki-kadina-silahli-saldiri-1-olu-1-agir-yarali","status":"publish","type":"post","link":"https:\/\/www.egemtv.com\/?p=99632","title":{"rendered":"Ortaca\u2019da iki kad\u0131na silahl\u0131 sald\u0131r\u0131: 1 \u00f6l\u00fc, 1 a\u011f\u0131r yaral\u0131"},"content":{"rendered":"<p>Mu\u011fla\u2019n\u0131n Ortaca il\u00e7esinde bir otelin \u00f6n\u00fcnde silahl\u0131 sald\u0131r\u0131ya u\u011frayan 1 kad\u0131n hayat\u0131n\u0131 kaybetti, 1 kad\u0131n yaraland\u0131.<br \/>\n<br \/>Olay, il\u00e7e merkezinde bulunan bir otelin \u00f6n\u00fcnde meydana geldi. Edinilen bilgiye g\u00f6re, E.C. isimli \u015fah\u0131s, hen\u00fcz bilinmeyen bir nedenle iki kad\u0131na silahla ate\u015f a\u00e7t\u0131. Silah seslerini duyan vatanda\u015flar durumu 112 Acil \u00c7a\u011fr\u0131 Merkezi\u2019ne bildirdi. \u0130hbar \u00fczerine b\u00f6lgeye sa\u011fl\u0131k ve polis ekipleri sevk edildi. Sa\u011fl\u0131k ekipleri yapt\u0131klar\u0131 kontrollerde kad\u0131nlardan birinin hayat\u0131n\u0131 kaybetti\u011fini belirledi. A\u011f\u0131r yaralanan di\u011fer kad\u0131n ise ilk m\u00fcdahalenin ard\u0131ndan ambulansla hastaneye kald\u0131r\u0131ld\u0131. Polis ekipleri \u00e7evrede geni\u015f g\u00fcvenlik \u00f6nlemi al\u0131rken, olay\u0131n ard\u0131ndan kay\u0131plara kar\u0131\u015fan E.C.\u2019nin yakalanmas\u0131 i\u00e7in \u00e7al\u0131\u015fma ba\u015flat\u0131ld\u0131.<br \/>\n<br \/>Olayla ilgili soru\u015fturma s\u00fcr\u00fcyor.<br \/><\/p>\n","protected":false},"excerpt":{"rendered":"<p>Mu\u011fla\u2019n\u0131n Ortaca il\u00e7esinde bir otelin \u00f6n\u00fcnde silahl\u0131 sald\u0131r\u0131ya u\u011frayan 1 kad\u0131n hayat\u0131n\u0131 kaybetti, 1 kad\u0131n yaraland\u0131. Olay, il\u00e7e merkezinde bulunan bir otelin \u00f6n\u00fcnde meydana geldi. Edinilen bilgiye g\u00f6re, E.C. isimli \u015fah\u0131s, hen\u00fcz bilinmeyen bir nedenle iki kad\u0131na silahla ate\u015f a\u00e7t\u0131. Silah seslerini duyan vatanda\u015flar durumu 112 Acil \u00c7a\u011fr\u0131 Merkezi\u2019ne bildirdi. \u0130hbar \u00fczerine b\u00f6lgeye sa\u011fl\u0131k ve&#8230;<\/p>\n","protected":false},"author":1,"featured_media":99633,"comment_status":"open","ping_status":"open","sticky":false,"template":"","format":"standard","meta":{"_crdt_document":"","footnotes":""},"categories":[5],"tags":[],"class_list":["post-99632","post","type-post","status-publish","format-standard","has-post-thumbnail","hentry","category-asayis"],"_links":{"self":[{"href":"https:\/\/www.egemtv.com\/index.php?rest_route=\/wp\/v2\/posts\/99632","targetHints":{"allow":["GET"]}}],"collection":[{"href":"https:\/\/www.egemtv.com\/index.php?rest_route=\/wp\/v2\/posts"}],"about":[{"href":"https:\/\/www.egemtv.com\/index.php?rest_route=\/wp\/v2\/types\/post"}],"author":[{"embeddable":true,"href":"https:\/\/www.egemtv.com\/index.php?rest_route=\/wp\/v2\/users\/1"}],"replies":[{"embeddable":true,"href":"https:\/\/www.egemtv.com\/index.php?rest_route=%2Fwp%2Fv2%2Fcomments&post=99632"}],"version-history":[{"count":1,"href":"https:\/\/www.egemtv.com\/index.php?rest_route=\/wp\/v2\/posts\/99632\/revisions"}],"predecessor-version":[{"id":99634,"href":"https:\/\/www.egemtv.com\/index.php?rest_route=\/wp\/v2\/posts\/99632\/revisions\/99634"}],"wp:featuredmedia":[{"embeddable":true,"href":"https:\/\/www.egemtv.com\/index.php?rest_route=\/wp\/v2\/media\/99633"}],"wp:attachment":[{"href":"https:\/\/www.egemtv.com\/index.php?rest_route=%2Fwp%2Fv2%2Fmedia&parent=99632"}],"wp:term":[{"taxonomy":"category","embeddable":true,"href":"https:\/\/www.egemtv.com\/index.php?rest_route=%2Fwp%2Fv2%2Fcategories&post=99632"},{"taxonomy":"post_tag","embeddable":true,"href":"https:\/\/www.egemtv.com\/index.php?rest_route=%2Fwp%2Fv2%2Ftags&post=99632"}],"curies":[{"name":"wp","href":"https:\/\/api.w.org\/{rel}","templated":true}]}}